{"id":204828,"date":"2021-11-11T12:46:10","date_gmt":"2021-11-11T10:46:10","guid":{"rendered":"http:\/\/107.6.182.27\/es\/?p=204828"},"modified":"2021-11-11T12:46:10","modified_gmt":"2021-11-11T10:46:10","slug":"siria-asigna-consul-general-en-dubai-y-en-el-norte-de-eau","status":"publish","type":"post","link":"https:\/\/archive.sana.sy\/es\/?p=204828","title":{"rendered":"Siria asigna C\u00f3nsul General en Dub\u00e1i y en el norte de EAU"},"content":{"rendered":"<p style=\"text-align: justify;\"><strong><span style=\"color: #800000;\">Dub\u00e1i, 11 nov (SANA)<\/span><\/strong>\u00a0 \u00a0 El ministro consejero Kinan Zahreddine, entreg\u00f3 hoy sus credenciales como C\u00f3nsul General de la Rep\u00fablica \u00c1rabe Siria en el Emirato de Dub\u00e1i y en los Emiratos del Norte de los Emiratos \u00c1rabes Unidos (EAU).<\/p>\n<p style=\"text-align: justify;\">El subdirector de la Oficina del Ministerio de Exteriores y Cooperaci\u00f3n Internacional en Dub\u00e1i, el jeque Rashid al-Qasir, destac\u00f3 durante su encuentro con el nuevo C\u00f3nsul, las relaciones bilaterales entre los dos pa\u00edses hermanos y le dese\u00f3 \u00e9xito en sus funciones.<\/p>\n<p style=\"text-align: justify;\">Por su parte, Zahreddine destac\u00f3 la solidez de las relaciones entre los dos pa\u00edses hermanos.<\/p>\n<p style=\"text-align: justify;\">Durante la reuni\u00f3n, se acord\u00f3 continuar la comunicaci\u00f3n y la cooperaci\u00f3n para facilitar los intereses y asuntos de la comunidad \u00e1rabe siria residente en los Emiratos \u00c1rabes Unidos.<\/p>\n<p style=\"text-align: justify;\"><strong><span style=\"color: #0000ff;\">fm\/ed<\/span><\/strong><\/p>\n","protected":false},"excerpt":{"rendered":"<p>Dub\u00e1i, 11 nov (SANA)\u00a0 \u00a0 El ministro consejero Kinan Zahreddine, entreg\u00f3 hoy sus credenciales como C\u00f3nsul General de la Rep\u00fablica \u00c1rabe Siria en el Emirato de Dub\u00e1i y en los Emiratos del Norte de los Emiratos \u00c1rabes Unidos (EAU). El subdirector de la Oficina del Ministerio de Exteriores y Cooperaci\u00f3n Internacional en Dub\u00e1i, el jeque &hellip;<\/p>\n","protected":false},"author":32,"featured_media":204829,"comment_status":"closed","ping_status":"closed","sticky":false,"template":"","format":"standard","meta":{"footnotes":""},"categories":[597,467,583],"tags":[20195,19686,6553],"class_list":["post-204828","post","type-post","status-publish","format-standard","has-post-thumbnail","","category-cinta-de-noticias","category-siria-y-el-mundo","category-slide","tag-dubai","tag-eau","tag-siria"],"_links":{"self":[{"href":"https:\/\/archive.sana.sy\/es\/index.php?rest_route=\/wp\/v2\/posts\/204828"}],"collection":[{"href":"https:\/\/archive.sana.sy\/es\/index.php?rest_route=\/wp\/v2\/posts"}],"about":[{"href":"https:\/\/archive.sana.sy\/es\/index.php?rest_route=\/wp\/v2\/types\/post"}],"author":[{"embeddable":true,"href":"https:\/\/archive.sana.sy\/es\/index.php?rest_route=\/wp\/v2\/users\/32"}],"replies":[{"embeddable":true,"href":"https:\/\/archive.sana.sy\/es\/index.php?rest_route=%2Fwp%2Fv2%2Fcomments&post=204828"}],"version-history":[{"count":0,"href":"https:\/\/archive.sana.sy\/es\/index.php?rest_route=\/wp\/v2\/posts\/204828\/revisions"}],"wp:featuredmedia":[{"embeddable":true,"href":"https:\/\/archive.sana.sy\/es\/index.php?rest_route=\/wp\/v2\/media\/204829"}],"wp:attachment":[{"href":"https:\/\/archive.sana.sy\/es\/index.php?rest_route=%2Fwp%2Fv2%2Fmedia&parent=204828"}],"wp:term":[{"taxonomy":"category","embeddable":true,"href":"https:\/\/archive.sana.sy\/es\/index.php?rest_route=%2Fwp%2Fv2%2Fcategories&post=204828"},{"taxonomy":"post_tag","embeddable":true,"href":"https:\/\/archive.sana.sy\/es\/index.php?rest_route=%2Fwp%2Fv2%2Ftags&post=204828"}],"curies":[{"name":"wp","href":"https:\/\/api.w.org\/{rel}","templated":true}]}}