{"id":204831,"date":"2021-11-11T13:34:06","date_gmt":"2021-11-11T11:34:06","guid":{"rendered":"http:\/\/107.6.182.27\/es\/?p=204831"},"modified":"2023-01-10T14:24:18","modified_gmt":"2023-01-10T12:24:18","slug":"siria-es-un-pais-importante-e-influyente-a-nivel-arabe-y-regional-afirma-teheran","status":"publish","type":"post","link":"https:\/\/archive.sana.sy\/es\/?p=204831","title":{"rendered":"Siria es un pa\u00eds importante e influyente a nivel \u00e1rabe y regional, afirma Teher\u00e1n"},"content":{"rendered":"<p style=\"text-align: justify;\"><span style=\"color: #800000;\"><strong>Teher\u00e1n, 11 nov (SANA)<\/strong><\/span> El Ministerio de Exteriores iran\u00ed anunci\u00f3 hoy Siria es un pa\u00eds importante e influyente \u00e1rabe y regional, y que la normalizaci\u00f3n de sus relaciones con los pa\u00edses \u00e1rabes redunda en inter\u00e9s de estos pa\u00edses y preocupa a Estados Unidos al mismo tiempo.<\/p>\n<p style=\"text-align: justify;\">El portavoz de la Canciller\u00eda iran\u00ed, Saeed Khatibzadeh, dijo que le molesta a Estados Unidos el hecho que se fortalezcan las relaciones amistosas y regionales entre los pa\u00edses \u00e1rabes y Siria.<\/p>\n<p style=\"text-align: justify;\">Esto significa que fracasaron en llegar a sus objetivos malvados, y que el proyecto de la entidad sionista no logr\u00f3 crear la sedici\u00f3n y aislar a los pa\u00edses \u00e1rabes, destac\u00f3 el funcionario.<\/p>\n<p style=\"text-align: justify;\">Agreg\u00f3 que Siria siempre ha sido uno de los pa\u00edses m\u00e1s importantes e influyentes en la regi\u00f3n, y revivir su presencia en este entorno conducir\u00e1 a su crecimiento.<\/p>\n<p style=\"text-align: justify;\"><span style=\"color: #0000ff;\"><strong>sm\/fm<\/strong><\/span><\/p>\n","protected":false},"excerpt":{"rendered":"<p>Teher\u00e1n, 11 nov (SANA) El Ministerio de Exteriores iran\u00ed anunci\u00f3 hoy Siria es un pa\u00eds importante e influyente \u00e1rabe y regional, y que la normalizaci\u00f3n de sus relaciones con los pa\u00edses \u00e1rabes redunda en inter\u00e9s de estos pa\u00edses y preocupa a Estados Unidos al mismo tiempo. El portavoz de la Canciller\u00eda iran\u00ed, Saeed Khatibzadeh, dijo &hellip;<\/p>\n","protected":false},"author":32,"featured_media":204832,"comment_status":"closed","ping_status":"closed","sticky":false,"template":"","format":"standard","meta":{"footnotes":""},"categories":[447,597,457,467,7541],"tags":[20196,6553,19966],"class_list":["post-204831","post","type-post","status-publish","format-standard","has-post-thumbnail","","category-local-politica","category-cinta-de-noticias","category-noticias-arabe-internacional-politica","category-siria-y-el-mundo","category-ultimas-noticias","tag-cancilleria-irani","tag-siria","tag-teheran"],"_links":{"self":[{"href":"https:\/\/archive.sana.sy\/es\/index.php?rest_route=\/wp\/v2\/posts\/204831"}],"collection":[{"href":"https:\/\/archive.sana.sy\/es\/index.php?rest_route=\/wp\/v2\/posts"}],"about":[{"href":"https:\/\/archive.sana.sy\/es\/index.php?rest_route=\/wp\/v2\/types\/post"}],"author":[{"embeddable":true,"href":"https:\/\/archive.sana.sy\/es\/index.php?rest_route=\/wp\/v2\/users\/32"}],"replies":[{"embeddable":true,"href":"https:\/\/archive.sana.sy\/es\/index.php?rest_route=%2Fwp%2Fv2%2Fcomments&post=204831"}],"version-history":[{"count":0,"href":"https:\/\/archive.sana.sy\/es\/index.php?rest_route=\/wp\/v2\/posts\/204831\/revisions"}],"wp:featuredmedia":[{"embeddable":true,"href":"https:\/\/archive.sana.sy\/es\/index.php?rest_route=\/wp\/v2\/media\/204832"}],"wp:attachment":[{"href":"https:\/\/archive.sana.sy\/es\/index.php?rest_route=%2Fwp%2Fv2%2Fmedia&parent=204831"}],"wp:term":[{"taxonomy":"category","embeddable":true,"href":"https:\/\/archive.sana.sy\/es\/index.php?rest_route=%2Fwp%2Fv2%2Fcategories&post=204831"},{"taxonomy":"post_tag","embeddable":true,"href":"https:\/\/archive.sana.sy\/es\/index.php?rest_route=%2Fwp%2Fv2%2Ftags&post=204831"}],"curies":[{"name":"wp","href":"https:\/\/api.w.org\/{rel}","templated":true}]}}