{"id":20487,"date":"2015-03-31T20:20:43","date_gmt":"2015-03-31T17:20:43","guid":{"rendered":"http:\/\/www.sana.sy\/es\/?p=20487"},"modified":"2015-03-31T20:20:43","modified_gmt":"2015-03-31T17:20:43","slug":"al-lahham-es-importante-reforzar-la-funcion-de-las-instituciones-legislativas-en-la-lucha-contra-el-terrorismo-internacional","status":"publish","type":"post","link":"https:\/\/archive.sana.sy\/es\/?p=20487","title":{"rendered":"Al-Lahham: es importante reforzar  la funci\u00f3n de las instituciones legislativas en la lucha contra el terrorismo internacional"},"content":{"rendered":"<p style=\"text-align: justify\"><span style=\"color: #0000ff\">Han\u00f3i-SANA<\/span><\/p>\n<p>El Presidente de la Asamblea Popular de Siria\u00a0 se reuni\u00f3 con\u00a0 los jefes de las delegaciones participantes en el 132\u00ba per\u00edodo de sesiones\u00a0 de la Uni\u00f3n Interparlamentaria que se celebra actualmente en Hanoi, Vietnam.<\/p>\n<p>Al-Lahham\u00a0 se reuni\u00f3 con el Secretario General de la UIP Martin Chungong, a quien le afirm\u00f3\u00a0 la importancia\u00a0 de que la UIP\u00a0 juegue un papel en la limitaci\u00f3n de la interferencia de algunos estados en los asuntos internos de otros Estados, llamando a intensificar los esfuerzos parlamentarios para enfrentar el terrorismo y elogi\u00f3 el papel de la Uni\u00f3n Interparlamentaria en la apertura de canales de comunicaci\u00f3n.<\/p>\n<p>Al-Lahham tambi\u00e9n examin\u00f3 con el presidente de la Asamblea Legislativa de El Salvador, Sigfrido Reyes Morales, las v\u00edas para\u00a0 desarrollar las relaciones parlamentarias entre los dos pa\u00edses.<\/p>\n<p>En una reuni\u00f3n similar con el vicepresidente de la Asamblea Nacional Popular Cubana, Yolanda Ferrer G\u00f3mez, al-Lahham elogi\u00f3 las fuertes relaciones hist\u00f3ricas entre los dos pa\u00edses y el apoyo de Cuba a Siria, confirmando\u00a0 la necesidad de desarrollar a\u00fan m\u00e1s las relaciones bilaterales.<\/p>\n<p>En el mismo contexto, el presidente al-Lahham\u00a0 se encontr\u00f3 con el jefe de la comisi\u00f3n de Asuntos Exteriores del Senado de M\u00e9xico, Gabriela Cuevas, con quien examin\u00f3 los\u00a0 medios\u00a0 de reforzar las relaciones parlamentarias entre los dos pa\u00edses.<\/p>\n<p>Tambi\u00e9n, el presidente al-Lahham\u00a0 discuti\u00f3 a lo largo de un encuentro\u00a0\u00a0 con el jefe de la delegaci\u00f3n holandesa en\u00a0 la Uni\u00f3n Interparlamentaria, Hans Franken,\u00a0 las relaciones bilaterales y la necesidad de aumentar la coordinaci\u00f3n para enfrentar el terrorismo.<\/p>\n<p><span style=\"color: #800000\">M.Miri, Riad.Sh<\/span><\/p>\n","protected":false},"excerpt":{"rendered":"<p>Han\u00f3i-SANA El Presidente de la Asamblea Popular de Siria\u00a0 se reuni\u00f3 con\u00a0 los jefes de las delegaciones participantes en el 132\u00ba per\u00edodo de sesiones\u00a0 de la Uni\u00f3n Interparlamentaria que se celebra actualmente en Hanoi, Vietnam. Al-Lahham\u00a0 se reuni\u00f3 con el Secretario General de la UIP Martin Chungong, a quien le afirm\u00f3\u00a0 la importancia\u00a0 de que &hellip;<\/p>\n","protected":false},"author":1,"featured_media":20488,"comment_status":"closed","ping_status":"closed","sticky":false,"template":"","format":"standard","meta":{"footnotes":""},"categories":[597,456,457,576],"tags":[4644],"class_list":["post-20487","post","type-post","status-publish","format-standard","has-post-thumbnail","","category-cinta-de-noticias","category-arabe-internacional-politica","category-noticias-arabe-internacional-politica","category-noticias-politicas","tag-al-lahham-es-importante-reforzar-la-funcion-de-las-instituciones-legislativas-en-la-lucha-contra-el-terrorismo-internacional"],"_links":{"self":[{"href":"https:\/\/archive.sana.sy\/es\/index.php?rest_route=\/wp\/v2\/posts\/20487"}],"collection":[{"href":"https:\/\/archive.sana.sy\/es\/index.php?rest_route=\/wp\/v2\/posts"}],"about":[{"href":"https:\/\/archive.sana.sy\/es\/index.php?rest_route=\/wp\/v2\/types\/post"}],"author":[{"embeddable":true,"href":"https:\/\/archive.sana.sy\/es\/index.php?rest_route=\/wp\/v2\/users\/1"}],"replies":[{"embeddable":true,"href":"https:\/\/archive.sana.sy\/es\/index.php?rest_route=%2Fwp%2Fv2%2Fcomments&post=20487"}],"version-history":[{"count":0,"href":"https:\/\/archive.sana.sy\/es\/index.php?rest_route=\/wp\/v2\/posts\/20487\/revisions"}],"wp:featuredmedia":[{"embeddable":true,"href":"https:\/\/archive.sana.sy\/es\/index.php?rest_route=\/wp\/v2\/media\/20488"}],"wp:attachment":[{"href":"https:\/\/archive.sana.sy\/es\/index.php?rest_route=%2Fwp%2Fv2%2Fmedia&parent=20487"}],"wp:term":[{"taxonomy":"category","embeddable":true,"href":"https:\/\/archive.sana.sy\/es\/index.php?rest_route=%2Fwp%2Fv2%2Fcategories&post=20487"},{"taxonomy":"post_tag","embeddable":true,"href":"https:\/\/archive.sana.sy\/es\/index.php?rest_route=%2Fwp%2Fv2%2Ftags&post=20487"}],"curies":[{"name":"wp","href":"https:\/\/api.w.org\/{rel}","templated":true}]}}