{"id":20490,"date":"2015-03-31T20:23:19","date_gmt":"2015-03-31T17:23:19","guid":{"rendered":"http:\/\/www.sana.sy\/es\/?p=20490"},"modified":"2015-03-31T20:23:19","modified_gmt":"2015-03-31T17:23:19","slug":"los-estudiantes-de-la-universidad-de-damasco-organizan-un-maraton-en-la-capital","status":"publish","type":"post","link":"https:\/\/archive.sana.sy\/es\/?p=20490","title":{"rendered":"Los estudiantes de la Universidad de Damasco organizan un marat\u00f3n en la capital"},"content":{"rendered":"<p style=\"text-align: justify\"><span style=\"color: #0000ff\">Damasco-SANA<\/span><\/p>\n<p>Con motivo del 65 aniversario del D\u00eda del Estudiante \u00c1rabe Siria, la Uni\u00f3n Nacional de Estudiantes Sirios (NUSS)\u00a0 se celebr\u00f3 un marat\u00f3n el martes con la participaci\u00f3n de alrededor de 2.500 estudiantes de todas las facultades e instituciones de la Universidad de Damasco.<\/p>\n<p>El marat\u00f3n comenz\u00f3 desde el complejo de la Ciudad Universitaria hacia\u00a0 carretera\u00a0 al-Mazzah y termin\u00f3 en la Ciudad Deportiva al-Jalaa.<\/p>\n<p>Los participantes afirmaron la victoria de\u00a0 Siria en su guerra contra el terrorismo gracias a los sacrificios del Ej\u00e9rcito \u00c1rabe Siria, reiterando su firme apoyo a su pa\u00eds en la lucha contra el terrorismo.<\/p>\n<p><span style=\"color: #800000\">M.Miri<\/span><\/p>\n","protected":false},"excerpt":{"rendered":"<p>Damasco-SANA Con motivo del 65 aniversario del D\u00eda del Estudiante \u00c1rabe Siria, la Uni\u00f3n Nacional de Estudiantes Sirios (NUSS)\u00a0 se celebr\u00f3 un marat\u00f3n el martes con la participaci\u00f3n de alrededor de 2.500 estudiantes de todas las facultades e instituciones de la Universidad de Damasco. El marat\u00f3n comenz\u00f3 desde el complejo de la Ciudad Universitaria hacia\u00a0 &hellip;<\/p>\n","protected":false},"author":1,"featured_media":20491,"comment_status":"closed","ping_status":"closed","sticky":false,"template":"","format":"standard","meta":{"footnotes":""},"categories":[477,476],"tags":[4645],"class_list":["post-20490","post","type-post","status-publish","format-standard","has-post-thumbnail","","category-noticias-edulcorantes","category-locales","tag-los-estudiantes-de-la-universidad-de-damasco-organizan-un-maraton-en-la-capital"],"_links":{"self":[{"href":"https:\/\/archive.sana.sy\/es\/index.php?rest_route=\/wp\/v2\/posts\/20490"}],"collection":[{"href":"https:\/\/archive.sana.sy\/es\/index.php?rest_route=\/wp\/v2\/posts"}],"about":[{"href":"https:\/\/archive.sana.sy\/es\/index.php?rest_route=\/wp\/v2\/types\/post"}],"author":[{"embeddable":true,"href":"https:\/\/archive.sana.sy\/es\/index.php?rest_route=\/wp\/v2\/users\/1"}],"replies":[{"embeddable":true,"href":"https:\/\/archive.sana.sy\/es\/index.php?rest_route=%2Fwp%2Fv2%2Fcomments&post=20490"}],"version-history":[{"count":0,"href":"https:\/\/archive.sana.sy\/es\/index.php?rest_route=\/wp\/v2\/posts\/20490\/revisions"}],"wp:featuredmedia":[{"embeddable":true,"href":"https:\/\/archive.sana.sy\/es\/index.php?rest_route=\/wp\/v2\/media\/20491"}],"wp:attachment":[{"href":"https:\/\/archive.sana.sy\/es\/index.php?rest_route=%2Fwp%2Fv2%2Fmedia&parent=20490"}],"wp:term":[{"taxonomy":"category","embeddable":true,"href":"https:\/\/archive.sana.sy\/es\/index.php?rest_route=%2Fwp%2Fv2%2Fcategories&post=20490"},{"taxonomy":"post_tag","embeddable":true,"href":"https:\/\/archive.sana.sy\/es\/index.php?rest_route=%2Fwp%2Fv2%2Ftags&post=20490"}],"curies":[{"name":"wp","href":"https:\/\/api.w.org\/{rel}","templated":true}]}}