{"id":204901,"date":"2021-11-11T13:00:04","date_gmt":"2021-11-11T11:00:04","guid":{"rendered":"http:\/\/107.6.182.27\/es\/?p=204901"},"modified":"2023-01-10T14:24:18","modified_gmt":"2023-01-10T12:24:18","slug":"qatar-y-francia-son-complices-en-el-complot-contra-siria-y-la-region","status":"publish","type":"post","link":"https:\/\/archive.sana.sy\/es\/?p=204901","title":{"rendered":"Qatar y Francia son c\u00f3mplices en el complot contra Siria y la regi\u00f3n"},"content":{"rendered":"<p style=\"text-align: justify;\"><span style=\"color: #800000;\"><strong>Damasco, 11 nov (SANA)<\/strong><\/span> El sitio web franc\u00e9s Plast Info public\u00f3 un documento, el cual muestra el papel de Qatar y Francia en la planificaci\u00f3n de la guerra terrorista que se impuso a Siria hace m\u00e1s de diez a\u00f1os.<\/p>\n<p style=\"text-align: justify;\">El documento revel\u00f3 que la monarqu\u00eda catar\u00ed financi\u00f3 la invasi\u00f3n realizada por Francia y la OTAN contra Libia en 2011 trayendo el caos al pa\u00eds \u00e1rabe, de esa misma manera quer\u00edan implementar lo mismo en Siria.<\/p>\n<p style=\"text-align: justify;\">Adem\u00e1s, el acta presenta los detalles de una reuni\u00f3n celebrada en un lugar no especificado el 20 de septiembre de 2011 entre, Hamad bin Jassim, el primer ministro de Qatar en ese momento, y Bernard Levy, asesor y enviado especial del presidente franc\u00e9s en ese momento, Nicolas Sarkozy.<\/p>\n<p style=\"text-align: justify;\">Durante la reuni\u00f3n, Levy agradeci\u00f3 a Qatar por su papel en la llamada &#8220;Primavera \u00c1rabe&#8221;, que Occidente apoy\u00f3 bajo falsas consignas como libertad y democracia, y le pidi\u00f3 a Hamad bin Jassim la ayuda de su pa\u00eds en la implementaci\u00f3n del complot contra Siria para realizar el proyecto del \u201cNuevo Oriente Medio\u201d.<\/p>\n<p style=\"text-align: justify;\">El documento afirma que el primer ministro catar\u00ed hab\u00eda acordado con la llamada &#8220;oposici\u00f3n siria&#8221; la orquestaci\u00f3n de manifestaciones en las plazas p\u00fablicas de las grandes ciudades sirias y utilizar armas contra el Ej\u00e9rcito \u00c1rabe Sirio.<\/p>\n<p style=\"text-align: justify;\">Se refiri\u00f3 a la preparaci\u00f3n de campa\u00f1as masivas en los medios de comunicaci\u00f3n para promover a los elementos hostiles y apoyarlos en la falsificaci\u00f3n de hechos y avivar la guerra.<\/p>\n<p style=\"text-align: justify;\">Con el fin de endurecer los episodios de conspiraci\u00f3n, Hamad revel\u00f3 que su pa\u00eds presionar\u00e1 a la Liga \u00c1rabe para congelar la membres\u00eda de Siria y enviar a este pa\u00eds una misi\u00f3n de observaci\u00f3n, indicando que la misi\u00f3n se retirar\u00e1 antes de que termine su trabajo y la responsabilidad ser\u00e1 achacada al r\u00e9gimen sirio.<\/p>\n<p style=\"text-align: justify;\">Hamad fue m\u00e1s all\u00e1 e indic\u00f3, seg\u00fan el documento, que la \u00faltima soluci\u00f3n para deshacerse del liderazgo sirio es apoyar al \u201cEj\u00e9rcito Libre\u201d y a los rebeldes con armas, especialmente armas de alta calidad, y reforzarlos con combatientes extranjeros de mucha experiencia.<\/p>\n<p style=\"text-align: justify;\">El r\u00e9gimen de Sarkozy entren\u00f3 en Libia a miles de terroristas extranjeros, sobre todo de Chechenia, con experiencia en la guerra de guerrillas para enviarlos a Siria.<\/p>\n<p style=\"text-align: justify;\"><span style=\"color: #0000ff;\"><strong>sm\/rsh<\/strong><\/span><\/p>\n","protected":false},"excerpt":{"rendered":"<p>Damasco, 11 nov (SANA) El sitio web franc\u00e9s Plast Info public\u00f3 un documento, el cual muestra el papel de Qatar y Francia en la planificaci\u00f3n de la guerra terrorista que se impuso a Siria hace m\u00e1s de diez a\u00f1os. El documento revel\u00f3 que la monarqu\u00eda catar\u00ed financi\u00f3 la invasi\u00f3n realizada por Francia y la OTAN &hellip;<\/p>\n","protected":false},"author":39,"featured_media":204902,"comment_status":"closed","ping_status":"closed","sticky":false,"template":"","format":"standard","meta":{"footnotes":""},"categories":[447,597,457,467,7541],"tags":[20201,8644,20062,6553],"class_list":["post-204901","post","type-post","status-publish","format-standard","has-post-thumbnail","","category-local-politica","category-cinta-de-noticias","category-noticias-arabe-internacional-politica","category-siria-y-el-mundo","category-ultimas-noticias","tag-complot","tag-francia","tag-qatar","tag-siria"],"_links":{"self":[{"href":"https:\/\/archive.sana.sy\/es\/index.php?rest_route=\/wp\/v2\/posts\/204901"}],"collection":[{"href":"https:\/\/archive.sana.sy\/es\/index.php?rest_route=\/wp\/v2\/posts"}],"about":[{"href":"https:\/\/archive.sana.sy\/es\/index.php?rest_route=\/wp\/v2\/types\/post"}],"author":[{"embeddable":true,"href":"https:\/\/archive.sana.sy\/es\/index.php?rest_route=\/wp\/v2\/users\/39"}],"replies":[{"embeddable":true,"href":"https:\/\/archive.sana.sy\/es\/index.php?rest_route=%2Fwp%2Fv2%2Fcomments&post=204901"}],"version-history":[{"count":0,"href":"https:\/\/archive.sana.sy\/es\/index.php?rest_route=\/wp\/v2\/posts\/204901\/revisions"}],"wp:featuredmedia":[{"embeddable":true,"href":"https:\/\/archive.sana.sy\/es\/index.php?rest_route=\/wp\/v2\/media\/204902"}],"wp:attachment":[{"href":"https:\/\/archive.sana.sy\/es\/index.php?rest_route=%2Fwp%2Fv2%2Fmedia&parent=204901"}],"wp:term":[{"taxonomy":"category","embeddable":true,"href":"https:\/\/archive.sana.sy\/es\/index.php?rest_route=%2Fwp%2Fv2%2Fcategories&post=204901"},{"taxonomy":"post_tag","embeddable":true,"href":"https:\/\/archive.sana.sy\/es\/index.php?rest_route=%2Fwp%2Fv2%2Ftags&post=204901"}],"curies":[{"name":"wp","href":"https:\/\/api.w.org\/{rel}","templated":true}]}}