{"id":20493,"date":"2015-03-31T20:28:06","date_gmt":"2015-03-31T17:28:06","guid":{"rendered":"http:\/\/www.sana.sy\/es\/?p=20493"},"modified":"2015-03-31T20:28:06","modified_gmt":"2015-03-31T17:28:06","slug":"embajada-de-siria-en-rumania-participa-en-un-evento-cultural","status":"publish","type":"post","link":"https:\/\/archive.sana.sy\/es\/?p=20493","title":{"rendered":"Embajada de Siria en Rumania participa en un evento cultural"},"content":{"rendered":"<p style=\"text-align: justify\"><span style=\"color: #0000ff\">Bucarest-SANA<\/span><\/p>\n<p>La Embajada de Siria en Ruman\u00eda participa en una exposici\u00f3n cultural titulada &#8220;Confluencia de Civilizaciones &#8211; Testimonios Culturales en el Medio Oriente&#8221;, organizado por la Universidad\u00a0 Dunarea de Jos\u00a0 en la ciudad de Galati.<\/p>\n<p>La participaci\u00f3n de Siria en el evento, que comenz\u00f3 el 30 de marzo y concluir\u00e1 el 9 de abril, cuenta con una exposici\u00f3n\u00a0 de fotograf\u00edas sobre\u00a0 sitios tur\u00edstica, hist\u00f3rica y\u00a0 arqueol\u00f3gicos en Siria, adem\u00e1s de una colecci\u00f3n de artesan\u00edas y libros, folletos y mapas tur\u00edsticos de Siria.<\/p>\n<p><span style=\"color: #800000\">M.Miri, Riad.Sh<\/span><\/p>\n","protected":false},"excerpt":{"rendered":"<p>Bucarest-SANA La Embajada de Siria en Ruman\u00eda participa en una exposici\u00f3n cultural titulada &#8220;Confluencia de Civilizaciones &#8211; Testimonios Culturales en el Medio Oriente&#8221;, organizado por la Universidad\u00a0 Dunarea de Jos\u00a0 en la ciudad de Galati. La participaci\u00f3n de Siria en el evento, que comenz\u00f3 el 30 de marzo y concluir\u00e1 el 9 de abril, cuenta &hellip;<\/p>\n","protected":false},"author":1,"featured_media":20494,"comment_status":"closed","ping_status":"closed","sticky":false,"template":"","format":"standard","meta":{"footnotes":""},"categories":[1],"tags":[4646],"class_list":["post-20493","post","type-post","status-publish","format-standard","has-post-thumbnail","","category-news-not-sorted","tag-embajada-de-siria-en-rumania-participa-en-un-evento-cultural"],"_links":{"self":[{"href":"https:\/\/archive.sana.sy\/es\/index.php?rest_route=\/wp\/v2\/posts\/20493"}],"collection":[{"href":"https:\/\/archive.sana.sy\/es\/index.php?rest_route=\/wp\/v2\/posts"}],"about":[{"href":"https:\/\/archive.sana.sy\/es\/index.php?rest_route=\/wp\/v2\/types\/post"}],"author":[{"embeddable":true,"href":"https:\/\/archive.sana.sy\/es\/index.php?rest_route=\/wp\/v2\/users\/1"}],"replies":[{"embeddable":true,"href":"https:\/\/archive.sana.sy\/es\/index.php?rest_route=%2Fwp%2Fv2%2Fcomments&post=20493"}],"version-history":[{"count":0,"href":"https:\/\/archive.sana.sy\/es\/index.php?rest_route=\/wp\/v2\/posts\/20493\/revisions"}],"wp:featuredmedia":[{"embeddable":true,"href":"https:\/\/archive.sana.sy\/es\/index.php?rest_route=\/wp\/v2\/media\/20494"}],"wp:attachment":[{"href":"https:\/\/archive.sana.sy\/es\/index.php?rest_route=%2Fwp%2Fv2%2Fmedia&parent=20493"}],"wp:term":[{"taxonomy":"category","embeddable":true,"href":"https:\/\/archive.sana.sy\/es\/index.php?rest_route=%2Fwp%2Fv2%2Fcategories&post=20493"},{"taxonomy":"post_tag","embeddable":true,"href":"https:\/\/archive.sana.sy\/es\/index.php?rest_route=%2Fwp%2Fv2%2Ftags&post=20493"}],"curies":[{"name":"wp","href":"https:\/\/api.w.org\/{rel}","templated":true}]}}