{"id":205000,"date":"2021-11-11T22:53:03","date_gmt":"2021-11-11T20:53:03","guid":{"rendered":"http:\/\/107.6.182.27\/es\/?p=205000"},"modified":"2023-01-10T14:24:16","modified_gmt":"2023-01-10T12:24:16","slug":"siria-reporta-175-nuevos-casos-de-covid-19","status":"publish","type":"post","link":"https:\/\/archive.sana.sy\/es\/?p=205000","title":{"rendered":"Siria reporta 175 nuevos casos de Covid-19"},"content":{"rendered":"<p style=\"text-align: justify;\"><strong><span style=\"color: #800000;\">Damasco, 11 nov (SANA)<\/span>\u00a0<\/strong>El Ministerio de Salud anunci\u00f3 hoy que la cifra diaria de infectados por Covid-19 en Siria aument\u00f3 a 45 mil 820 tras contabilizar 175 nuevos casos.<\/p>\n<p style=\"text-align: justify;\">De acuerdo con un comunicado del Ministerio, en las \u00faltimas 24 horas, 91 personas se recuperaron de esta enfermedad para un total de 27,398, mientras se reportaron seis muertos lo que eleva a dos mil 650 el n\u00famero de decesos.<\/p>\n<p style=\"text-align: justify;\">Siria enfrenta esta pandemia en medio de un bloqueo injusto asfixiante impuesto por EEUU y algunos pa\u00edses de la UE, lo cual dificulta las capacidades del pa\u00eds de enfrentar esta pandemia.<\/p>\n<p style=\"text-align: justify;\"><strong><span style=\"color: #0000ff;\">sm<\/span><\/strong><\/p>\n","protected":false},"excerpt":{"rendered":"<p>Damasco, 11 nov (SANA)\u00a0El Ministerio de Salud anunci\u00f3 hoy que la cifra diaria de infectados por Covid-19 en Siria aument\u00f3 a 45 mil 820 tras contabilizar 175 nuevos casos. De acuerdo con un comunicado del Ministerio, en las \u00faltimas 24 horas, 91 personas se recuperaron de esta enfermedad para un total de 27,398, mientras se &hellip;<\/p>\n","protected":false},"author":39,"featured_media":205002,"comment_status":"closed","ping_status":"closed","sticky":false,"template":"","format":"standard","meta":{"footnotes":""},"categories":[447,597,476,457,7541],"tags":[17865,6553],"class_list":["post-205000","post","type-post","status-publish","format-standard","has-post-thumbnail","","category-local-politica","category-cinta-de-noticias","category-locales","category-noticias-arabe-internacional-politica","category-ultimas-noticias","tag-covid-19","tag-siria"],"_links":{"self":[{"href":"https:\/\/archive.sana.sy\/es\/index.php?rest_route=\/wp\/v2\/posts\/205000"}],"collection":[{"href":"https:\/\/archive.sana.sy\/es\/index.php?rest_route=\/wp\/v2\/posts"}],"about":[{"href":"https:\/\/archive.sana.sy\/es\/index.php?rest_route=\/wp\/v2\/types\/post"}],"author":[{"embeddable":true,"href":"https:\/\/archive.sana.sy\/es\/index.php?rest_route=\/wp\/v2\/users\/39"}],"replies":[{"embeddable":true,"href":"https:\/\/archive.sana.sy\/es\/index.php?rest_route=%2Fwp%2Fv2%2Fcomments&post=205000"}],"version-history":[{"count":0,"href":"https:\/\/archive.sana.sy\/es\/index.php?rest_route=\/wp\/v2\/posts\/205000\/revisions"}],"wp:featuredmedia":[{"embeddable":true,"href":"https:\/\/archive.sana.sy\/es\/index.php?rest_route=\/wp\/v2\/media\/205002"}],"wp:attachment":[{"href":"https:\/\/archive.sana.sy\/es\/index.php?rest_route=%2Fwp%2Fv2%2Fmedia&parent=205000"}],"wp:term":[{"taxonomy":"category","embeddable":true,"href":"https:\/\/archive.sana.sy\/es\/index.php?rest_route=%2Fwp%2Fv2%2Fcategories&post=205000"},{"taxonomy":"post_tag","embeddable":true,"href":"https:\/\/archive.sana.sy\/es\/index.php?rest_route=%2Fwp%2Fv2%2Ftags&post=205000"}],"curies":[{"name":"wp","href":"https:\/\/api.w.org\/{rel}","templated":true}]}}