{"id":205030,"date":"2021-11-12T13:20:18","date_gmt":"2021-11-12T11:20:18","guid":{"rendered":"http:\/\/107.6.182.27\/es\/?p=205030"},"modified":"2023-01-12T14:39:52","modified_gmt":"2023-01-12T12:39:52","slug":"ejercito-iraqui-destruye-ocho-escondites-de-terroristas-del-daesh-en-diyala-2","status":"publish","type":"post","link":"https:\/\/archive.sana.sy\/es\/?p=205030","title":{"rendered":"Ej\u00e9rcito iraqu\u00ed destruye ocho escondites de terroristas del Daesh en Diyala"},"content":{"rendered":"<p style=\"text-align: justify;\"><span style=\"color: #800000;\"><strong>Bagdad, 12 nov (SANA)\u00a0 \u00a0<\/strong><\/span>Las fuerzas iraqu\u00edes destruyeron ocho escondites de elementos hostiles en la provincia de Diyala.<\/p>\n<p style=\"text-align: justify;\">Seg\u00fan inform\u00f3 el Departamento de Inteligencia Militar del Ministerio de Defensa, \u201clos cazas del ej\u00e9rcito destruyeron ocho escondites del Daesh en la cordillera de Hamrin en la provincia de Diyala al este del pa\u00eds\u201d.<\/p>\n<p style=\"text-align: justify;\">El martes, las fuerzas iraqu\u00edes destruyeron tres escondites en la gobernaci\u00f3n de Salah al-Din en el centro del pa\u00eds.<\/p>\n<p style=\"text-align: justify;\"><strong>ah\/rsh<\/strong><\/p>\n","protected":false},"excerpt":{"rendered":"<p>Bagdad, 12 nov (SANA)\u00a0 \u00a0Las fuerzas iraqu\u00edes destruyeron ocho escondites de elementos hostiles en la provincia de Diyala. Seg\u00fan inform\u00f3 el Departamento de Inteligencia Militar del Ministerio de Defensa, \u201clos cazas del ej\u00e9rcito destruyeron ocho escondites del Daesh en la cordillera de Hamrin en la provincia de Diyala al este del pa\u00eds\u201d. El martes, las &hellip;<\/p>\n","protected":false},"author":30,"featured_media":205031,"comment_status":"closed","ping_status":"closed","sticky":false,"template":"","format":"standard","meta":{"footnotes":""},"categories":[597,456],"tags":[9178,8616,7023],"class_list":["post-205030","post","type-post","status-publish","format-standard","has-post-thumbnail","","category-cinta-de-noticias","category-arabe-internacional-politica","tag-bagdad","tag-daesh","tag-irak"],"_links":{"self":[{"href":"https:\/\/archive.sana.sy\/es\/index.php?rest_route=\/wp\/v2\/posts\/205030"}],"collection":[{"href":"https:\/\/archive.sana.sy\/es\/index.php?rest_route=\/wp\/v2\/posts"}],"about":[{"href":"https:\/\/archive.sana.sy\/es\/index.php?rest_route=\/wp\/v2\/types\/post"}],"author":[{"embeddable":true,"href":"https:\/\/archive.sana.sy\/es\/index.php?rest_route=\/wp\/v2\/users\/30"}],"replies":[{"embeddable":true,"href":"https:\/\/archive.sana.sy\/es\/index.php?rest_route=%2Fwp%2Fv2%2Fcomments&post=205030"}],"version-history":[{"count":0,"href":"https:\/\/archive.sana.sy\/es\/index.php?rest_route=\/wp\/v2\/posts\/205030\/revisions"}],"wp:featuredmedia":[{"embeddable":true,"href":"https:\/\/archive.sana.sy\/es\/index.php?rest_route=\/wp\/v2\/media\/205031"}],"wp:attachment":[{"href":"https:\/\/archive.sana.sy\/es\/index.php?rest_route=%2Fwp%2Fv2%2Fmedia&parent=205030"}],"wp:term":[{"taxonomy":"category","embeddable":true,"href":"https:\/\/archive.sana.sy\/es\/index.php?rest_route=%2Fwp%2Fv2%2Fcategories&post=205030"},{"taxonomy":"post_tag","embeddable":true,"href":"https:\/\/archive.sana.sy\/es\/index.php?rest_route=%2Fwp%2Fv2%2Ftags&post=205030"}],"curies":[{"name":"wp","href":"https:\/\/api.w.org\/{rel}","templated":true}]}}