{"id":205033,"date":"2021-11-12T14:31:06","date_gmt":"2021-11-12T12:31:06","guid":{"rendered":"http:\/\/107.6.182.27\/es\/?p=205033"},"modified":"2023-01-12T14:39:51","modified_gmt":"2023-01-12T12:39:51","slug":"decenas-de-palestinos-heridos-por-represion-israeli-en-naplusa","status":"publish","type":"post","link":"https:\/\/archive.sana.sy\/es\/?p=205033","title":{"rendered":"Decenas de palestinos heridos por represi\u00f3n israel\u00ed en Naplusa"},"content":{"rendered":"<p style=\"text-align: justify;\"><span style=\"color: #800000;\"><strong>Jerusal\u00e9n ocupada, 12 nov (SANA)<\/strong><\/span> Decenas de palestinos resultaron heridos hoy cuando las fuerzas de ocupaci\u00f3n israel\u00edes reprimieron una manifestaci\u00f3n contra los asentamientos en la ciudad de Beita, al sur de Naplusa en Cisjordania.<\/p>\n<p style=\"text-align: justify;\">Medios palestinos informaron que las tropas del ocupante dispararon balas y bombas de gas lacrim\u00f3geno contra los participantes en la manifestaci\u00f3n que tuvo lugar cerca de la monta\u00f1a de Sabih, para protestar contra el establecimiento de un foco de asentamiento en su cumbre, lo cual provoc\u00f3 la lesi\u00f3n de varios palestinos y la asfixia de decenas de ellos.<\/p>\n<p style=\"text-align: justify;\">Varios palestinos perdieron la vida y cientos resultaron heridos como consecuencia del asalto de las fuerzas sionistas a las manifestaciones en la referida ciudad desde el pasado mes de mayo.<\/p>\n<p style=\"text-align: justify;\"><span style=\"color: #0000ff;\"><strong>sm\/rsh<\/strong><\/span><\/p>\n","protected":false},"excerpt":{"rendered":"<p>Jerusal\u00e9n ocupada, 12 nov (SANA) Decenas de palestinos resultaron heridos hoy cuando las fuerzas de ocupaci\u00f3n israel\u00edes reprimieron una manifestaci\u00f3n contra los asentamientos en la ciudad de Beita, al sur de Naplusa en Cisjordania. Medios palestinos informaron que las tropas del ocupante dispararon balas y bombas de gas lacrim\u00f3geno contra los participantes en la manifestaci\u00f3n &hellip;<\/p>\n","protected":false},"author":39,"featured_media":205034,"comment_status":"closed","ping_status":"closed","sticky":false,"template":"","format":"standard","meta":{"footnotes":""},"categories":[597,456,457],"tags":[9074,19720,19613,19723],"class_list":["post-205033","post","type-post","status-publish","format-standard","has-post-thumbnail","","category-cinta-de-noticias","category-arabe-internacional-politica","category-noticias-arabe-internacional-politica","tag-cisjordania","tag-naplusa","tag-ocupacion-israeli","tag-represion"],"_links":{"self":[{"href":"https:\/\/archive.sana.sy\/es\/index.php?rest_route=\/wp\/v2\/posts\/205033"}],"collection":[{"href":"https:\/\/archive.sana.sy\/es\/index.php?rest_route=\/wp\/v2\/posts"}],"about":[{"href":"https:\/\/archive.sana.sy\/es\/index.php?rest_route=\/wp\/v2\/types\/post"}],"author":[{"embeddable":true,"href":"https:\/\/archive.sana.sy\/es\/index.php?rest_route=\/wp\/v2\/users\/39"}],"replies":[{"embeddable":true,"href":"https:\/\/archive.sana.sy\/es\/index.php?rest_route=%2Fwp%2Fv2%2Fcomments&post=205033"}],"version-history":[{"count":0,"href":"https:\/\/archive.sana.sy\/es\/index.php?rest_route=\/wp\/v2\/posts\/205033\/revisions"}],"wp:featuredmedia":[{"embeddable":true,"href":"https:\/\/archive.sana.sy\/es\/index.php?rest_route=\/wp\/v2\/media\/205034"}],"wp:attachment":[{"href":"https:\/\/archive.sana.sy\/es\/index.php?rest_route=%2Fwp%2Fv2%2Fmedia&parent=205033"}],"wp:term":[{"taxonomy":"category","embeddable":true,"href":"https:\/\/archive.sana.sy\/es\/index.php?rest_route=%2Fwp%2Fv2%2Fcategories&post=205033"},{"taxonomy":"post_tag","embeddable":true,"href":"https:\/\/archive.sana.sy\/es\/index.php?rest_route=%2Fwp%2Fv2%2Ftags&post=205033"}],"curies":[{"name":"wp","href":"https:\/\/api.w.org\/{rel}","templated":true}]}}