{"id":205061,"date":"2021-11-12T16:12:47","date_gmt":"2021-11-12T14:12:47","guid":{"rendered":"http:\/\/107.6.182.27\/es\/?p=205061"},"modified":"2021-11-12T18:55:28","modified_gmt":"2021-11-12T16:55:28","slug":"al-menos-12-heridos-en-atentado-terrorista-en-el-este-de-afganistan","status":"publish","type":"post","link":"https:\/\/archive.sana.sy\/es\/?p=205061","title":{"rendered":"Muertos y heridos en atentado terrorista en el este de Afganist\u00e1n"},"content":{"rendered":"<p style=\"text-align: justify;\"><span style=\"color: #800000;\"><strong>Kabul, 12 nov (SANA) <\/strong><\/span>Tres personas perdieron la vida y al menos 15 resultaron heridas por un atentado terrorista con explosivos contra una mezquita en la regi\u00f3n de Nangarhar en el este de Afganist\u00e1n.<\/p>\n<p style=\"text-align: justify;\">Seg\u00fan difundi\u00f3 la agencia de Reuters, varias bombas estallaron dentro de una mezquita en la regi\u00f3n de Spin Ghar.<\/p>\n<p style=\"text-align: justify;\">A principios de este mes, 50 personas perecieron y otras 25 resultaron heridas en dos explosiones en la capital Kabul.<\/p>\n<p style=\"text-align: justify;\"><span style=\"color: #0000ff;\"><strong>fm\/sm<\/strong><\/span><\/p>\n","protected":false},"excerpt":{"rendered":"<p>Kabul, 12 nov (SANA) Tres personas perdieron la vida y al menos 15 resultaron heridas por un atentado terrorista con explosivos contra una mezquita en la regi\u00f3n de Nangarhar en el este de Afganist\u00e1n. Seg\u00fan difundi\u00f3 la agencia de Reuters, varias bombas estallaron dentro de una mezquita en la regi\u00f3n de Spin Ghar. A principios &hellip;<\/p>\n","protected":false},"author":39,"featured_media":205088,"comment_status":"closed","ping_status":"closed","sticky":false,"template":"","format":"standard","meta":{"footnotes":""},"categories":[597,457,7541],"tags":[19640,19846],"class_list":["post-205061","post","type-post","status-publish","format-standard","has-post-thumbnail","","category-cinta-de-noticias","category-noticias-arabe-internacional-politica","category-ultimas-noticias","tag-afganistan","tag-atentado-terrorista"],"_links":{"self":[{"href":"https:\/\/archive.sana.sy\/es\/index.php?rest_route=\/wp\/v2\/posts\/205061"}],"collection":[{"href":"https:\/\/archive.sana.sy\/es\/index.php?rest_route=\/wp\/v2\/posts"}],"about":[{"href":"https:\/\/archive.sana.sy\/es\/index.php?rest_route=\/wp\/v2\/types\/post"}],"author":[{"embeddable":true,"href":"https:\/\/archive.sana.sy\/es\/index.php?rest_route=\/wp\/v2\/users\/39"}],"replies":[{"embeddable":true,"href":"https:\/\/archive.sana.sy\/es\/index.php?rest_route=%2Fwp%2Fv2%2Fcomments&post=205061"}],"version-history":[{"count":0,"href":"https:\/\/archive.sana.sy\/es\/index.php?rest_route=\/wp\/v2\/posts\/205061\/revisions"}],"wp:featuredmedia":[{"embeddable":true,"href":"https:\/\/archive.sana.sy\/es\/index.php?rest_route=\/wp\/v2\/media\/205088"}],"wp:attachment":[{"href":"https:\/\/archive.sana.sy\/es\/index.php?rest_route=%2Fwp%2Fv2%2Fmedia&parent=205061"}],"wp:term":[{"taxonomy":"category","embeddable":true,"href":"https:\/\/archive.sana.sy\/es\/index.php?rest_route=%2Fwp%2Fv2%2Fcategories&post=205061"},{"taxonomy":"post_tag","embeddable":true,"href":"https:\/\/archive.sana.sy\/es\/index.php?rest_route=%2Fwp%2Fv2%2Ftags&post=205061"}],"curies":[{"name":"wp","href":"https:\/\/api.w.org\/{rel}","templated":true}]}}