{"id":205069,"date":"2021-11-12T17:02:47","date_gmt":"2021-11-12T15:02:47","guid":{"rendered":"http:\/\/107.6.182.27\/es\/?p=205069"},"modified":"2023-01-12T14:39:51","modified_gmt":"2023-01-12T12:39:51","slug":"fuerzas-iraquies-eliminan-a-un-terrorista-de-daesh-en-kirkuk","status":"publish","type":"post","link":"https:\/\/archive.sana.sy\/es\/?p=205069","title":{"rendered":"Fuerzas iraqu\u00edes eliminan a un terrorista de Daesh en Kirkuk"},"content":{"rendered":"<p style=\"text-align: justify;\"><span style=\"color: #800000;\"><strong>Bagdad, 12 nos (SANA)<\/strong> <\/span>Las fuerzas iraqu\u00edes eliminaron hoy a un integrante de la organizaci\u00f3n (Daesh) en la gobernaci\u00f3n de Kirkuk, en el norte del pa\u00eds, durante una operaci\u00f3n.<\/p>\n<p style=\"text-align: justify;\">\u201cEl ej\u00e9rcito iraqu\u00ed elimin\u00f3 a un terrorista de Daesh e hiri\u00f3 a otro en la localidad de Wady al-Shay, y tambi\u00e9n confisc\u00f3 un escondite que conten\u00eda proyectiles de artiller\u00eda, explosivos y municiones&#8221;, inform\u00f3 una fuente militar al portal Alsumaria News.<\/p>\n<p style=\"text-align: justify;\">La tropas iraqu\u00edes contin\u00faan persiguiendo y eliminando los remanentes de la organizaci\u00f3n hostil en varias regiones del pa\u00eds.<\/p>\n<p style=\"text-align: justify;\"><span style=\"color: #0000ff;\"><strong>sm\/rsh<\/strong><\/span><\/p>\n","protected":false},"excerpt":{"rendered":"<p>Bagdad, 12 nos (SANA) Las fuerzas iraqu\u00edes eliminaron hoy a un integrante de la organizaci\u00f3n (Daesh) en la gobernaci\u00f3n de Kirkuk, en el norte del pa\u00eds, durante una operaci\u00f3n. \u201cEl ej\u00e9rcito iraqu\u00ed elimin\u00f3 a un terrorista de Daesh e hiri\u00f3 a otro en la localidad de Wady al-Shay, y tambi\u00e9n confisc\u00f3 un escondite que conten\u00eda &hellip;<\/p>\n","protected":false},"author":39,"featured_media":205070,"comment_status":"closed","ping_status":"closed","sticky":false,"template":"","format":"standard","meta":{"footnotes":""},"categories":[597,456,457],"tags":[9178,8616,11043,20217],"class_list":["post-205069","post","type-post","status-publish","format-standard","has-post-thumbnail","","category-cinta-de-noticias","category-arabe-internacional-politica","category-noticias-arabe-internacional-politica","tag-bagdad","tag-daesh","tag-fuerzas-iraquies","tag-kirkuk"],"_links":{"self":[{"href":"https:\/\/archive.sana.sy\/es\/index.php?rest_route=\/wp\/v2\/posts\/205069"}],"collection":[{"href":"https:\/\/archive.sana.sy\/es\/index.php?rest_route=\/wp\/v2\/posts"}],"about":[{"href":"https:\/\/archive.sana.sy\/es\/index.php?rest_route=\/wp\/v2\/types\/post"}],"author":[{"embeddable":true,"href":"https:\/\/archive.sana.sy\/es\/index.php?rest_route=\/wp\/v2\/users\/39"}],"replies":[{"embeddable":true,"href":"https:\/\/archive.sana.sy\/es\/index.php?rest_route=%2Fwp%2Fv2%2Fcomments&post=205069"}],"version-history":[{"count":0,"href":"https:\/\/archive.sana.sy\/es\/index.php?rest_route=\/wp\/v2\/posts\/205069\/revisions"}],"wp:featuredmedia":[{"embeddable":true,"href":"https:\/\/archive.sana.sy\/es\/index.php?rest_route=\/wp\/v2\/media\/205070"}],"wp:attachment":[{"href":"https:\/\/archive.sana.sy\/es\/index.php?rest_route=%2Fwp%2Fv2%2Fmedia&parent=205069"}],"wp:term":[{"taxonomy":"category","embeddable":true,"href":"https:\/\/archive.sana.sy\/es\/index.php?rest_route=%2Fwp%2Fv2%2Fcategories&post=205069"},{"taxonomy":"post_tag","embeddable":true,"href":"https:\/\/archive.sana.sy\/es\/index.php?rest_route=%2Fwp%2Fv2%2Ftags&post=205069"}],"curies":[{"name":"wp","href":"https:\/\/api.w.org\/{rel}","templated":true}]}}