{"id":205072,"date":"2021-11-12T17:13:14","date_gmt":"2021-11-12T15:13:14","guid":{"rendered":"http:\/\/107.6.182.27\/es\/?p=205072"},"modified":"2023-01-12T14:39:51","modified_gmt":"2023-01-12T12:39:51","slug":"brutal-represion-israeli-a-una-manifestacion-en-cisjordania","status":"publish","type":"post","link":"https:\/\/archive.sana.sy\/es\/?p=205072","title":{"rendered":"Brutal represi\u00f3n israel\u00ed a una manifestaci\u00f3n en Cisjordania"},"content":{"rendered":"<p style=\"text-align: justify;\"><span style=\"color: #800000;\"><strong>Jerusal\u00e9n ocupada, 12 nov (SANA)<\/strong><\/span> Decenas de palestinos resultaron heridos hoy por la represi\u00f3n de las fuerzas de ocupaci\u00f3n israel\u00edes a la manifestaci\u00f3n que se realiza semanalmente en Kafr Kadom contra los asentamientos y para demandar la reapertura de la avenida de la localidad cerrada desde hace m\u00e1s de 17 a\u00f1os.<\/p>\n<p style=\"text-align: justify;\">El coordinador de la resistencia popular en Kafr Kadom, Adam Morad Shetew, declar\u00f3 a la agencia Wafa, que las tropas de ocupaci\u00f3n irrumpieron la localidad y dispararon balas reales y bombas de gas lacrim\u00f3geno contra los participantes en la manifestaci\u00f3n, hiriendo a dos j\u00f3venes mientras decenas sufrieron asfixia.<\/p>\n<p style=\"text-align: justify;\">La manifestaci\u00f3n se efect\u00faa todos los viernes y s\u00e1bados en esta localidad que fue afectada por el Muro del Apartheid y los asentamientos israel\u00edes.<\/p>\n<p style=\"text-align: justify;\"><span style=\"color: #0000ff;\"><strong>fm\/sm<\/strong><\/span><\/p>\n","protected":false},"excerpt":{"rendered":"<p>Jerusal\u00e9n ocupada, 12 nov (SANA) Decenas de palestinos resultaron heridos hoy por la represi\u00f3n de las fuerzas de ocupaci\u00f3n israel\u00edes a la manifestaci\u00f3n que se realiza semanalmente en Kafr Kadom contra los asentamientos y para demandar la reapertura de la avenida de la localidad cerrada desde hace m\u00e1s de 17 a\u00f1os. El coordinador de la &hellip;<\/p>\n","protected":false},"author":39,"featured_media":205073,"comment_status":"closed","ping_status":"closed","sticky":false,"template":"","format":"standard","meta":{"footnotes":""},"categories":[447,597,456,457],"tags":[9074,19979,19876],"class_list":["post-205072","post","type-post","status-publish","format-standard","has-post-thumbnail","","category-local-politica","category-cinta-de-noticias","category-arabe-internacional-politica","category-noticias-arabe-internacional-politica","tag-cisjordania","tag-manifestacion","tag-represion-israeli"],"_links":{"self":[{"href":"https:\/\/archive.sana.sy\/es\/index.php?rest_route=\/wp\/v2\/posts\/205072"}],"collection":[{"href":"https:\/\/archive.sana.sy\/es\/index.php?rest_route=\/wp\/v2\/posts"}],"about":[{"href":"https:\/\/archive.sana.sy\/es\/index.php?rest_route=\/wp\/v2\/types\/post"}],"author":[{"embeddable":true,"href":"https:\/\/archive.sana.sy\/es\/index.php?rest_route=\/wp\/v2\/users\/39"}],"replies":[{"embeddable":true,"href":"https:\/\/archive.sana.sy\/es\/index.php?rest_route=%2Fwp%2Fv2%2Fcomments&post=205072"}],"version-history":[{"count":0,"href":"https:\/\/archive.sana.sy\/es\/index.php?rest_route=\/wp\/v2\/posts\/205072\/revisions"}],"wp:featuredmedia":[{"embeddable":true,"href":"https:\/\/archive.sana.sy\/es\/index.php?rest_route=\/wp\/v2\/media\/205073"}],"wp:attachment":[{"href":"https:\/\/archive.sana.sy\/es\/index.php?rest_route=%2Fwp%2Fv2%2Fmedia&parent=205072"}],"wp:term":[{"taxonomy":"category","embeddable":true,"href":"https:\/\/archive.sana.sy\/es\/index.php?rest_route=%2Fwp%2Fv2%2Fcategories&post=205072"},{"taxonomy":"post_tag","embeddable":true,"href":"https:\/\/archive.sana.sy\/es\/index.php?rest_route=%2Fwp%2Fv2%2Ftags&post=205072"}],"curies":[{"name":"wp","href":"https:\/\/api.w.org\/{rel}","templated":true}]}}