{"id":20508,"date":"2015-03-31T22:57:30","date_gmt":"2015-03-31T19:57:30","guid":{"rendered":"http:\/\/www.sana.sy\/es\/?p=20508"},"modified":"2015-03-31T22:57:30","modified_gmt":"2015-03-31T19:57:30","slug":"gabinete-el-paquete-de-medidas-y-procedimientos-se-reflejaran-positivamente-en-el-valor-de-la-libra-siria","status":"publish","type":"post","link":"https:\/\/archive.sana.sy\/es\/?p=20508","title":{"rendered":"Gabinete: el Paquete de medidas y  Procedimientos se reflejar\u00e1n  positivamente en  el valor de la libra siria"},"content":{"rendered":"<p style=\"text-align: justify\"><span style=\"color: #0000ff\">Damasco-SANA<\/span><\/p>\n<p>El primer ministro Wael al-Halaqi conden\u00f3 los ataques lanzados por las organizaciones terroristas contra\u00a0\u00a0 varias zonas del pa\u00eds, especialmente en Idleb y Busra al- Sham, insistiendo en ofrecer\u00a0 los servicios, la atenci\u00f3n sanitaria y los materiales b\u00e1sicos a las familias desplazadas de las dos ciudades.<\/p>\n<p>Durante la sesi\u00f3n semanal del gabinete el martes, al-Halaqi se\u00f1al\u00f3 que el Consejo Monetario y de cr\u00e9dito, el Banco Central de Siria (CBS) y el comit\u00e9 econ\u00f3mico adoptar\u00e1n una serie de medidas para mantener el precio\u00a0 de la libra siria estable frente a las monedas extranjeras.<\/p>\n<p>Tambi\u00e9n denunci\u00f3 la agresi\u00f3n flagrante contra\u00a0 Yemen, consider\u00e1ndola como &#8220;una brutal injerencia en sus asuntos internos.&#8221;<\/p>\n<p>Por otra parte, Al-Halaqi llam\u00f3 a intensificar los esfuerzos para hacer frente a las enfermedades y epidemias, sobre todo con la llegada del verano, instruyendo a los ministerios de Salud, Turismo y Comercio Interior y Protecci\u00f3n del Consumidor para reforzar la supervisi\u00f3n de las industrias de alimentos y restaurantes.<\/p>\n<p>El Viceprimer Ministro, Ministro de Relaciones Exteriores y Expatriados, Walid al-Moallem, por su parte, inform\u00f3 a los ministros sobre los \u00faltimos acontecimientos en el \u00e1mbito internacional, diciendo &#8221; la agresi\u00f3n en Yemen es un intento\u00a0 que pretende controlar\u00a0 su soberana\u00a0 y ubicaci\u00f3n estrat\u00e9gica bajo el patrocinio de\u00a0 EEUU, y la entidad sionista, y que dicha agresi\u00f3n explica de forma muy clara\u00a0 el\u00a0 empeoramiento de la situaci\u00f3n \u00e1rabe.<\/p>\n<p>Al-Moallem se\u00f1al\u00f3\u00a0 tambi\u00e9n que la agresi\u00f3n en Yemen ha coincidido con los ataques terroristas en varias regiones de Siria,\u00a0 lo que confirma que el enemigo, el financiero es el mismo en ambos pa\u00edses.<\/p>\n<p>Por su parte, el gobernador del Banco Central de Siria (CBS) Adib Mayalah inform\u00f3 al Consejo de Ministros sobre las medidas adoptadas para mejorar el valor de cambio\u00a0 de la libra siria, y las razones detr\u00e1s de su inestabilidad.<\/p>\n<p>Afirmando que los precios de la bolsa difundidas por las p\u00e1ginas web son ilusorias con el fin de manipular la libra siria, refiri\u00e9ndose a algunos sitios web falsos que publican precios falsos para expandir el miedo y la preocupaci\u00f3n entre los ciudadanos acerca del valor de la libra siria.<\/p>\n<p><span style=\"color: #800000\">M.Miri<\/span><\/p>\n","protected":false},"excerpt":{"rendered":"<p>Damasco-SANA El primer ministro Wael al-Halaqi conden\u00f3 los ataques lanzados por las organizaciones terroristas contra\u00a0\u00a0 varias zonas del pa\u00eds, especialmente en Idleb y Busra al- Sham, insistiendo en ofrecer\u00a0 los servicios, la atenci\u00f3n sanitaria y los materiales b\u00e1sicos a las familias desplazadas de las dos ciudades. Durante la sesi\u00f3n semanal del gabinete el martes, al-Halaqi &hellip;<\/p>\n","protected":false},"author":1,"featured_media":20509,"comment_status":"closed","ping_status":"closed","sticky":false,"template":"","format":"standard","meta":{"footnotes":""},"categories":[477,597,476],"tags":[4651],"class_list":["post-20508","post","type-post","status-publish","format-standard","has-post-thumbnail","","category-noticias-edulcorantes","category-cinta-de-noticias","category-locales","tag-gabinete-el-paquete-de-medidas-y-procedimientos-se-reflejaran-positivamente-en-el-valor-de-la-libra-siria"],"_links":{"self":[{"href":"https:\/\/archive.sana.sy\/es\/index.php?rest_route=\/wp\/v2\/posts\/20508"}],"collection":[{"href":"https:\/\/archive.sana.sy\/es\/index.php?rest_route=\/wp\/v2\/posts"}],"about":[{"href":"https:\/\/archive.sana.sy\/es\/index.php?rest_route=\/wp\/v2\/types\/post"}],"author":[{"embeddable":true,"href":"https:\/\/archive.sana.sy\/es\/index.php?rest_route=\/wp\/v2\/users\/1"}],"replies":[{"embeddable":true,"href":"https:\/\/archive.sana.sy\/es\/index.php?rest_route=%2Fwp%2Fv2%2Fcomments&post=20508"}],"version-history":[{"count":0,"href":"https:\/\/archive.sana.sy\/es\/index.php?rest_route=\/wp\/v2\/posts\/20508\/revisions"}],"wp:featuredmedia":[{"embeddable":true,"href":"https:\/\/archive.sana.sy\/es\/index.php?rest_route=\/wp\/v2\/media\/20509"}],"wp:attachment":[{"href":"https:\/\/archive.sana.sy\/es\/index.php?rest_route=%2Fwp%2Fv2%2Fmedia&parent=20508"}],"wp:term":[{"taxonomy":"category","embeddable":true,"href":"https:\/\/archive.sana.sy\/es\/index.php?rest_route=%2Fwp%2Fv2%2Fcategories&post=20508"},{"taxonomy":"post_tag","embeddable":true,"href":"https:\/\/archive.sana.sy\/es\/index.php?rest_route=%2Fwp%2Fv2%2Ftags&post=20508"}],"curies":[{"name":"wp","href":"https:\/\/api.w.org\/{rel}","templated":true}]}}