{"id":205127,"date":"2021-11-13T08:30:03","date_gmt":"2021-11-13T06:30:03","guid":{"rendered":"http:\/\/107.6.182.27\/es\/?p=205127"},"modified":"2023-01-10T14:24:15","modified_gmt":"2023-01-10T12:24:15","slug":"cifras-actualizadas-de-la-covid-19-en-siria-7","status":"publish","type":"post","link":"https:\/\/archive.sana.sy\/es\/?p=205127","title":{"rendered":"Siria confirm\u00f3 160 nuevos casos de Covid-19,  90 recuperados y cinco muertes"},"content":{"rendered":"<p style=\"text-align: justify;\"><strong><span style=\"color: #800000;\">Damasco, 12 nov (SANA)\u00a0 \u00a0\u00a0<\/span> <\/strong>El Ministerio de Salud confirm\u00f3 160 nuevos casos y siete decesos por la Covid-19, en cifras consideradas las m\u00e1s bajas en las \u00faltimas cuatro semanas<\/p>\n<p>\u201cEl total de infectados en el pa\u00eds aument\u00f3 a 45 mil 980\u00a0 mientras los decesos se elev\u00f3 2,488 \u201d, precis\u00f3 el parte diario del ente.<\/p>\n<p style=\"text-align: justify;\">Siria enfrenta esta pandemia en medio de un bloqueo injusto asfixiante impuesto por EEUU y algunos pa\u00edses de la UE, lo cual dificulta las capacidades del pa\u00eds de enfrentar esta pandemia.<\/p>\n<p style=\"text-align: justify;\">El primer caso de infecci\u00f3n por el SARS-CoV-2 registr\u00f3 en Siria el 22 de marzo de 2020.<\/p>\n<p style=\"text-align: justify;\"><strong><span style=\"color: #0000ff;\">fm\/ed<\/span><\/strong><\/p>\n","protected":false},"excerpt":{"rendered":"<p>Damasco, 12 nov (SANA)\u00a0 \u00a0\u00a0 El Ministerio de Salud confirm\u00f3 160 nuevos casos y siete decesos por la Covid-19, en cifras consideradas las m\u00e1s bajas en las \u00faltimas cuatro semanas \u201cEl total de infectados en el pa\u00eds aument\u00f3 a 45 mil 980\u00a0 mientras los decesos se elev\u00f3 2,488 \u201d, precis\u00f3 el parte diario del ente. &hellip;<\/p>\n","protected":false},"author":34,"featured_media":205136,"comment_status":"closed","ping_status":"closed","sticky":false,"template":"","format":"standard","meta":{"footnotes":""},"categories":[447,477,597,457,7541],"tags":[],"class_list":["post-205127","post","type-post","status-publish","format-standard","has-post-thumbnail","","category-local-politica","category-noticias-edulcorantes","category-cinta-de-noticias","category-noticias-arabe-internacional-politica","category-ultimas-noticias"],"_links":{"self":[{"href":"https:\/\/archive.sana.sy\/es\/index.php?rest_route=\/wp\/v2\/posts\/205127"}],"collection":[{"href":"https:\/\/archive.sana.sy\/es\/index.php?rest_route=\/wp\/v2\/posts"}],"about":[{"href":"https:\/\/archive.sana.sy\/es\/index.php?rest_route=\/wp\/v2\/types\/post"}],"author":[{"embeddable":true,"href":"https:\/\/archive.sana.sy\/es\/index.php?rest_route=\/wp\/v2\/users\/34"}],"replies":[{"embeddable":true,"href":"https:\/\/archive.sana.sy\/es\/index.php?rest_route=%2Fwp%2Fv2%2Fcomments&post=205127"}],"version-history":[{"count":0,"href":"https:\/\/archive.sana.sy\/es\/index.php?rest_route=\/wp\/v2\/posts\/205127\/revisions"}],"wp:featuredmedia":[{"embeddable":true,"href":"https:\/\/archive.sana.sy\/es\/index.php?rest_route=\/wp\/v2\/media\/205136"}],"wp:attachment":[{"href":"https:\/\/archive.sana.sy\/es\/index.php?rest_route=%2Fwp%2Fv2%2Fmedia&parent=205127"}],"wp:term":[{"taxonomy":"category","embeddable":true,"href":"https:\/\/archive.sana.sy\/es\/index.php?rest_route=%2Fwp%2Fv2%2Fcategories&post=205127"},{"taxonomy":"post_tag","embeddable":true,"href":"https:\/\/archive.sana.sy\/es\/index.php?rest_route=%2Fwp%2Fv2%2Ftags&post=205127"}],"curies":[{"name":"wp","href":"https:\/\/api.w.org\/{rel}","templated":true}]}}