{"id":205149,"date":"2021-11-13T08:30:26","date_gmt":"2021-11-13T06:30:26","guid":{"rendered":"http:\/\/107.6.182.27\/es\/?p=205149"},"modified":"2023-01-12T14:39:51","modified_gmt":"2023-01-12T12:39:51","slug":"buque-israeli-viola-aguas-territoriales-de-libano","status":"publish","type":"post","link":"https:\/\/archive.sana.sy\/es\/?p=205149","title":{"rendered":"Buque israel\u00ed viola aguas territoriales de L\u00edbano"},"content":{"rendered":"<p style=\"text-align: justify;\"><span style=\"color: #800000;\"><strong>Beirut, 13 nov (SANA)\u00a0<\/strong> \u00a0 \u00a0<\/span>El enemigo israel\u00ed volvi\u00f3 hoy a violar la soberan\u00eda del territorio del L\u00edbano.<\/p>\n<p style=\"text-align: justify;\">Seg\u00fan inform\u00f3 la comandancia del Ej\u00e9rcito liban\u00e9 por medio de un comunicado, un buque de guerra del enemigo israel\u00ed viol\u00f3 las aguas territoriales libanesas frente al cabo de Ras Al Naqora.<\/p>\n<p style=\"text-align: justify;\">La declaraci\u00f3n se\u00f1al\u00f3 que se est\u00e1 dando seguimiento al asunto de la violaci\u00f3n con la Fuerza Provisional de las Naciones Unidas en el L\u00edbano.<\/p>\n<p><strong><span style=\"color: #0000ff;\">fm\/ed<\/span><\/strong><\/p>\n<p>&nbsp;<\/p>\n","protected":false},"excerpt":{"rendered":"<p>Beirut, 13 nov (SANA)\u00a0 \u00a0 \u00a0El enemigo israel\u00ed volvi\u00f3 hoy a violar la soberan\u00eda del territorio del L\u00edbano. Seg\u00fan inform\u00f3 la comandancia del Ej\u00e9rcito liban\u00e9 por medio de un comunicado, un buque de guerra del enemigo israel\u00ed viol\u00f3 las aguas territoriales libanesas frente al cabo de Ras Al Naqora. La declaraci\u00f3n se\u00f1al\u00f3 que se est\u00e1 &hellip;<\/p>\n","protected":false},"author":32,"featured_media":205150,"comment_status":"closed","ping_status":"closed","sticky":false,"template":"","format":"standard","meta":{"footnotes":""},"categories":[597,456,7541],"tags":[8947,8542],"class_list":["post-205149","post","type-post","status-publish","format-standard","has-post-thumbnail","","category-cinta-de-noticias","category-arabe-internacional-politica","category-ultimas-noticias","tag-beirut","tag-libano"],"_links":{"self":[{"href":"https:\/\/archive.sana.sy\/es\/index.php?rest_route=\/wp\/v2\/posts\/205149"}],"collection":[{"href":"https:\/\/archive.sana.sy\/es\/index.php?rest_route=\/wp\/v2\/posts"}],"about":[{"href":"https:\/\/archive.sana.sy\/es\/index.php?rest_route=\/wp\/v2\/types\/post"}],"author":[{"embeddable":true,"href":"https:\/\/archive.sana.sy\/es\/index.php?rest_route=\/wp\/v2\/users\/32"}],"replies":[{"embeddable":true,"href":"https:\/\/archive.sana.sy\/es\/index.php?rest_route=%2Fwp%2Fv2%2Fcomments&post=205149"}],"version-history":[{"count":0,"href":"https:\/\/archive.sana.sy\/es\/index.php?rest_route=\/wp\/v2\/posts\/205149\/revisions"}],"wp:featuredmedia":[{"embeddable":true,"href":"https:\/\/archive.sana.sy\/es\/index.php?rest_route=\/wp\/v2\/media\/205150"}],"wp:attachment":[{"href":"https:\/\/archive.sana.sy\/es\/index.php?rest_route=%2Fwp%2Fv2%2Fmedia&parent=205149"}],"wp:term":[{"taxonomy":"category","embeddable":true,"href":"https:\/\/archive.sana.sy\/es\/index.php?rest_route=%2Fwp%2Fv2%2Fcategories&post=205149"},{"taxonomy":"post_tag","embeddable":true,"href":"https:\/\/archive.sana.sy\/es\/index.php?rest_route=%2Fwp%2Fv2%2Ftags&post=205149"}],"curies":[{"name":"wp","href":"https:\/\/api.w.org\/{rel}","templated":true}]}}