{"id":20516,"date":"2015-03-31T19:07:08","date_gmt":"2015-03-31T16:07:08","guid":{"rendered":"http:\/\/www.sana.sy\/es\/?p=20516"},"modified":"2015-04-01T15:10:05","modified_gmt":"2015-04-01T12:10:05","slug":"se-reanudan-las-negociaciones-nucleares-entre-iran-y-el-grupo-51","status":"publish","type":"post","link":"https:\/\/archive.sana.sy\/es\/?p=20516","title":{"rendered":"Se reanudan las negociaciones nucleares entre Ir\u00e1n y el Grupo 5+1"},"content":{"rendered":"<p><span style=\"color: #800000\">Lausana, SANA<\/span><\/p>\n<p>Se han reanudado en la ciudad suiza de Lausana las negociaciones entre Ir\u00e1n y el grupo de los cinco m\u00e1s uno, sobre el problema nuclear de Ir\u00e1n.<\/p>\n<p>El ministro de Exteriores iran\u00ed, Mohammad Javad Zarif, se reuni\u00f3 con los cancilleres del Grupo, as\u00ed como comenzar\u00e1n debates t\u00e9cnicas entre el Presidente de la Organizaci\u00f3n de Energ\u00eda At\u00f3mica de Ir\u00e1n, Ali Akbar Salehi, y la secretaria de Energ\u00eda de Estado Unidos, Ernest Moniz.<\/p>\n<p>Coincidiendo con estas conversaciones comenzar\u00e1 un reuni\u00f3n de asesores y expertos de Ir\u00e1n y el Grupo de los cinco m\u00e1s uno.<\/p>\n<p>El ministro de Exteriores iran\u00ed hab\u00eda anunciado que las negociaciones han presenciado un buen progreso y que se alcanz\u00f3 una soluci\u00f3n para la mayor\u00eda de los temas y que el borrador del acuerdo se escribir\u00e1 el jueves.<\/p>\n<p>Fady M., Lynn A.<\/p>\n","protected":false},"excerpt":{"rendered":"<p>Lausana, SANA Se han reanudado en la ciudad suiza de Lausana las negociaciones entre Ir\u00e1n y el grupo de los cinco m\u00e1s uno, sobre el problema nuclear de Ir\u00e1n. El ministro de Exteriores iran\u00ed, Mohammad Javad Zarif, se reuni\u00f3 con los cancilleres del Grupo, as\u00ed como comenzar\u00e1n debates t\u00e9cnicas entre el Presidente de la Organizaci\u00f3n &hellip;<\/p>\n","protected":false},"author":24,"featured_media":20517,"comment_status":"closed","ping_status":"closed","sticky":false,"template":"","format":"standard","meta":{"footnotes":""},"categories":[456,457,576],"tags":[4654],"class_list":["post-20516","post","type-post","status-publish","format-standard","has-post-thumbnail","","category-arabe-internacional-politica","category-noticias-arabe-internacional-politica","category-noticias-politicas","tag-se-reanudan-las-negociaciones-nucleares-entre-iran-y-el-grupo-51"],"_links":{"self":[{"href":"https:\/\/archive.sana.sy\/es\/index.php?rest_route=\/wp\/v2\/posts\/20516"}],"collection":[{"href":"https:\/\/archive.sana.sy\/es\/index.php?rest_route=\/wp\/v2\/posts"}],"about":[{"href":"https:\/\/archive.sana.sy\/es\/index.php?rest_route=\/wp\/v2\/types\/post"}],"author":[{"embeddable":true,"href":"https:\/\/archive.sana.sy\/es\/index.php?rest_route=\/wp\/v2\/users\/24"}],"replies":[{"embeddable":true,"href":"https:\/\/archive.sana.sy\/es\/index.php?rest_route=%2Fwp%2Fv2%2Fcomments&post=20516"}],"version-history":[{"count":0,"href":"https:\/\/archive.sana.sy\/es\/index.php?rest_route=\/wp\/v2\/posts\/20516\/revisions"}],"wp:featuredmedia":[{"embeddable":true,"href":"https:\/\/archive.sana.sy\/es\/index.php?rest_route=\/wp\/v2\/media\/20517"}],"wp:attachment":[{"href":"https:\/\/archive.sana.sy\/es\/index.php?rest_route=%2Fwp%2Fv2%2Fmedia&parent=20516"}],"wp:term":[{"taxonomy":"category","embeddable":true,"href":"https:\/\/archive.sana.sy\/es\/index.php?rest_route=%2Fwp%2Fv2%2Fcategories&post=20516"},{"taxonomy":"post_tag","embeddable":true,"href":"https:\/\/archive.sana.sy\/es\/index.php?rest_route=%2Fwp%2Fv2%2Ftags&post=20516"}],"curies":[{"name":"wp","href":"https:\/\/api.w.org\/{rel}","templated":true}]}}