{"id":205199,"date":"2021-11-13T17:03:16","date_gmt":"2021-11-13T15:03:16","guid":{"rendered":"http:\/\/107.6.182.27\/es\/?p=205199"},"modified":"2023-01-10T14:24:12","modified_gmt":"2023-01-10T12:24:12","slug":"siria-es-vital-para-el-libano-afirma-politico-libanes","status":"publish","type":"post","link":"https:\/\/archive.sana.sy\/es\/?p=205199","title":{"rendered":"Siria es vital para el L\u00edbano, afirma pol\u00edtico liban\u00e9s"},"content":{"rendered":"<p style=\"text-align: justify;\"><span style=\"color: #800000;\"><strong>Beirut, 13 nov (SANA) <\/strong><\/span>El miembro de la Direcci\u00f3n Nacional y encargado de Relaciones Pol\u00edticas en el Partido \u00c1rabe Socialista (al-Baath) en el L\u00edbano, Mohammed Shaker Al-Qawas, afirm\u00f3 que siria representa la profundidad \u00e1rabe y estrat\u00e9gica para el L\u00edbano.<\/p>\n<p style=\"text-align: justify;\">Agreg\u00f3 que, sea cuales sean las circunstancias y los desaf\u00edos, el L\u00edbano debe preservar sus relaciones con Siria.<\/p>\n<p style=\"text-align: justify;\">La situaci\u00f3n que vive el L\u00edbano impone al Gobierno revisar su pol\u00edtica y volver al excelente nivel de relaciones con Siria, cit\u00f3 SANA a Al-Qawas.<\/p>\n<p style=\"text-align: justify;\"><span style=\"color: #0000ff;\"><strong>fm\/sm<\/strong><\/span><\/p>\n","protected":false},"excerpt":{"rendered":"<p>Beirut, 13 nov (SANA) El miembro de la Direcci\u00f3n Nacional y encargado de Relaciones Pol\u00edticas en el Partido \u00c1rabe Socialista (al-Baath) en el L\u00edbano, Mohammed Shaker Al-Qawas, afirm\u00f3 que siria representa la profundidad \u00e1rabe y estrat\u00e9gica para el L\u00edbano. Agreg\u00f3 que, sea cuales sean las circunstancias y los desaf\u00edos, el L\u00edbano debe preservar sus relaciones &hellip;<\/p>\n","protected":false},"author":39,"featured_media":205200,"comment_status":"closed","ping_status":"closed","sticky":false,"template":"","format":"standard","meta":{"footnotes":""},"categories":[447,597,457,467],"tags":[8542,20226,6553],"class_list":["post-205199","post","type-post","status-publish","format-standard","has-post-thumbnail","","category-local-politica","category-cinta-de-noticias","category-noticias-arabe-internacional-politica","category-siria-y-el-mundo","tag-libano","tag-partido-arabe-socialista-al-baath","tag-siria"],"_links":{"self":[{"href":"https:\/\/archive.sana.sy\/es\/index.php?rest_route=\/wp\/v2\/posts\/205199"}],"collection":[{"href":"https:\/\/archive.sana.sy\/es\/index.php?rest_route=\/wp\/v2\/posts"}],"about":[{"href":"https:\/\/archive.sana.sy\/es\/index.php?rest_route=\/wp\/v2\/types\/post"}],"author":[{"embeddable":true,"href":"https:\/\/archive.sana.sy\/es\/index.php?rest_route=\/wp\/v2\/users\/39"}],"replies":[{"embeddable":true,"href":"https:\/\/archive.sana.sy\/es\/index.php?rest_route=%2Fwp%2Fv2%2Fcomments&post=205199"}],"version-history":[{"count":0,"href":"https:\/\/archive.sana.sy\/es\/index.php?rest_route=\/wp\/v2\/posts\/205199\/revisions"}],"wp:featuredmedia":[{"embeddable":true,"href":"https:\/\/archive.sana.sy\/es\/index.php?rest_route=\/wp\/v2\/media\/205200"}],"wp:attachment":[{"href":"https:\/\/archive.sana.sy\/es\/index.php?rest_route=%2Fwp%2Fv2%2Fmedia&parent=205199"}],"wp:term":[{"taxonomy":"category","embeddable":true,"href":"https:\/\/archive.sana.sy\/es\/index.php?rest_route=%2Fwp%2Fv2%2Fcategories&post=205199"},{"taxonomy":"post_tag","embeddable":true,"href":"https:\/\/archive.sana.sy\/es\/index.php?rest_route=%2Fwp%2Fv2%2Ftags&post=205199"}],"curies":[{"name":"wp","href":"https:\/\/api.w.org\/{rel}","templated":true}]}}