{"id":205231,"date":"2021-11-13T15:00:09","date_gmt":"2021-11-13T13:00:09","guid":{"rendered":"http:\/\/107.6.182.27\/es\/?p=205231"},"modified":"2023-01-10T14:24:13","modified_gmt":"2023-01-10T12:24:13","slug":"damasco-inaugura-dos-salas-deportivas-y-una-galeria-fotos","status":"publish","type":"post","link":"https:\/\/archive.sana.sy\/es\/?p=205231","title":{"rendered":"Damasco inaugura dos salas deportivas y una galer\u00eda (+ fotos)"},"content":{"rendered":"<p style=\"text-align: justify;\"><span style=\"color: #800000;\"><strong>Damasco, 13 nov (SANA)\u00a0 \u00a0<\/strong><\/span>La gobernaci\u00f3n de la Ciudad de Damasco inaugur\u00f3 hoy dos salas de deporte y la galer\u00eda Bakra Elna (Ma\u00f1ana es Nuestro), adem\u00e1s de una exposici\u00f3n bajo el t\u00edtulo: \u201cDamasco y la Prensa durante un Siglo\u201d<\/p>\n<p style=\"text-align: justify;\">Las salas son de tenis de mesa, k\u00e1rate y taekwondo, y fueron abiertas en coordinaci\u00f3n con la Federaci\u00f3n General de Deportes.<\/p>\n<p style=\"text-align: justify;\">Mientras que el \u00e1rea de la galer\u00eda asciende a 300 metros cuadrados e incluye salas para exhibir pinturas, esculturas, artesan\u00edas y fotograf\u00edas.<\/p>\n<p style=\"text-align: justify;\"><img loading=\"lazy\" decoding=\"async\" class=\"size-medium wp-image-205233 alignleft\" src=\"http:\/\/107.6.182.27\/es\/wp-content\/uploads\/2021\/11\/MHM_3649-300x200.jpg\" alt=\"\" width=\"300\" height=\"200\" srcset=\"https:\/\/archive.sana.sy\/es\/wp-content\/uploads\/2021\/11\/MHM_3649-300x200.jpg 300w, https:\/\/archive.sana.sy\/es\/wp-content\/uploads\/2021\/11\/MHM_3649-150x100.jpg 150w, https:\/\/archive.sana.sy\/es\/wp-content\/uploads\/2021\/11\/MHM_3649.jpg 660w\" sizes=\"(max-width: 300px) 100vw, 300px\" \/>La ministra de Cultura, Lubana Mushawah, destac\u00f3 en declaraciones a los periodistas, la importancia de las actividades culturales y deportivas para construir el pensamiento y la personalidad, y mejorar la autoconfianza humana y la identidad nacional.<\/p>\n<p style=\"text-align: justify;\">A su vez, el periodista Riad Naim present\u00f3 en su exposici\u00f3n documental (Damasco y la Prensa durante un Siglo) a 100 peri\u00f3dicos emitidos en Damasco desde 1923 hasta 2021, en coordinaci\u00f3n con la Uni\u00f3n de Periodistas.<\/p>\n<p style=\"text-align: justify;\">fm<\/p>\n<p>&nbsp;<\/p>\n<div id='gallery-1' class='gallery galleryid-205231 gallery-columns-1 gallery-size-full'><figure class='gallery-item'>\n\t\t\t<div class='gallery-icon landscape'>\n\t\t\t\t<a href='https:\/\/archive.sana.sy\/es\/wp-content\/uploads\/2021\/11\/MHM_3316-scaled.jpg'><img loading=\"lazy\" decoding=\"async\" width=\"2560\" height=\"1704\" src=\"https:\/\/archive.sana.sy\/es\/wp-content\/uploads\/2021\/11\/MHM_3316-scaled.jpg\" class=\"attachment-full size-full\" alt=\"\" srcset=\"https:\/\/archive.sana.sy\/es\/wp-content\/uploads\/2021\/11\/MHM_3316-scaled.jpg 2560w, https:\/\/archive.sana.sy\/es\/wp-content\/uploads\/2021\/11\/MHM_3316-300x200.jpg 300w, https:\/\/archive.sana.sy\/es\/wp-content\/uploads\/2021\/11\/MHM_3316-1024x682.jpg 1024w, https:\/\/archive.sana.sy\/es\/wp-content\/uploads\/2021\/11\/MHM_3316-150x100.jpg 150w, https:\/\/archive.sana.sy\/es\/wp-content\/uploads\/2021\/11\/MHM_3316-768x511.jpg 768w, https:\/\/archive.sana.sy\/es\/wp-content\/uploads\/2021\/11\/MHM_3316-1536x1022.jpg 1536w, https:\/\/archive.sana.sy\/es\/wp-content\/uploads\/2021\/11\/MHM_3316-2048x1363.jpg 2048w, https:\/\/archive.sana.sy\/es\/wp-content\/uploads\/2021\/11\/MHM_3316-310x205.jpg 310w\" sizes=\"(max-width: 2560px) 100vw, 2560px\" \/><\/a>\n\t\t\t<\/div><\/figure><figure class='gallery-item'>\n\t\t\t<div class='gallery-icon landscape'>\n\t\t\t\t<a href='https:\/\/archive.sana.sy\/es\/wp-content\/uploads\/2021\/11\/MHM_3328-scaled.jpg'><img loading=\"lazy\" decoding=\"async\" width=\"2560\" height=\"1704\" src=\"https:\/\/archive.sana.sy\/es\/wp-content\/uploads\/2021\/11\/MHM_3328-scaled.jpg\" class=\"attachment-full size-full\" alt=\"\" srcset=\"https:\/\/archive.sana.sy\/es\/wp-content\/uploads\/2021\/11\/MHM_3328-scaled.jpg 2560w, https:\/\/archive.sana.sy\/es\/wp-content\/uploads\/2021\/11\/MHM_3328-300x200.jpg 300w, https:\/\/archive.sana.sy\/es\/wp-content\/uploads\/2021\/11\/MHM_3328-1024x682.jpg 1024w, https:\/\/archive.sana.sy\/es\/wp-content\/uploads\/2021\/11\/MHM_3328-150x100.jpg 150w, https:\/\/archive.sana.sy\/es\/wp-content\/uploads\/2021\/11\/MHM_3328-768x511.jpg 768w, https:\/\/archive.sana.sy\/es\/wp-content\/uploads\/2021\/11\/MHM_3328-1536x1022.jpg 1536w, https:\/\/archive.sana.sy\/es\/wp-content\/uploads\/2021\/11\/MHM_3328-2048x1363.jpg 2048w, https:\/\/archive.sana.sy\/es\/wp-content\/uploads\/2021\/11\/MHM_3328-310x205.jpg 310w\" sizes=\"(max-width: 2560px) 100vw, 2560px\" \/><\/a>\n\t\t\t<\/div><\/figure><figure class='gallery-item'>\n\t\t\t<div class='gallery-icon landscape'>\n\t\t\t\t<a href='https:\/\/archive.sana.sy\/es\/wp-content\/uploads\/2021\/11\/MHM_3432-scaled.jpg'><img loading=\"lazy\" decoding=\"async\" width=\"2560\" height=\"1704\" src=\"https:\/\/archive.sana.sy\/es\/wp-content\/uploads\/2021\/11\/MHM_3432-scaled.jpg\" class=\"attachment-full size-full\" alt=\"\" srcset=\"https:\/\/archive.sana.sy\/es\/wp-content\/uploads\/2021\/11\/MHM_3432-scaled.jpg 2560w, https:\/\/archive.sana.sy\/es\/wp-content\/uploads\/2021\/11\/MHM_3432-300x200.jpg 300w, https:\/\/archive.sana.sy\/es\/wp-content\/uploads\/2021\/11\/MHM_3432-1024x682.jpg 1024w, https:\/\/archive.sana.sy\/es\/wp-content\/uploads\/2021\/11\/MHM_3432-150x100.jpg 150w, https:\/\/archive.sana.sy\/es\/wp-content\/uploads\/2021\/11\/MHM_3432-768x511.jpg 768w, https:\/\/archive.sana.sy\/es\/wp-content\/uploads\/2021\/11\/MHM_3432-1536x1022.jpg 1536w, https:\/\/archive.sana.sy\/es\/wp-content\/uploads\/2021\/11\/MHM_3432-2048x1363.jpg 2048w, https:\/\/archive.sana.sy\/es\/wp-content\/uploads\/2021\/11\/MHM_3432-310x205.jpg 310w\" sizes=\"(max-width: 2560px) 100vw, 2560px\" \/><\/a>\n\t\t\t<\/div><\/figure><figure class='gallery-item'>\n\t\t\t<div class='gallery-icon landscape'>\n\t\t\t\t<a href='https:\/\/archive.sana.sy\/es\/wp-content\/uploads\/2021\/11\/MHM_3820-scaled.jpg'><img loading=\"lazy\" decoding=\"async\" width=\"2560\" height=\"1451\" src=\"https:\/\/archive.sana.sy\/es\/wp-content\/uploads\/2021\/11\/MHM_3820-scaled.jpg\" class=\"attachment-full size-full\" alt=\"\" srcset=\"https:\/\/archive.sana.sy\/es\/wp-content\/uploads\/2021\/11\/MHM_3820-scaled.jpg 2560w, https:\/\/archive.sana.sy\/es\/wp-content\/uploads\/2021\/11\/MHM_3820-300x170.jpg 300w, https:\/\/archive.sana.sy\/es\/wp-content\/uploads\/2021\/11\/MHM_3820-1024x580.jpg 1024w, https:\/\/archive.sana.sy\/es\/wp-content\/uploads\/2021\/11\/MHM_3820-150x85.jpg 150w, https:\/\/archive.sana.sy\/es\/wp-content\/uploads\/2021\/11\/MHM_3820-768x435.jpg 768w, https:\/\/archive.sana.sy\/es\/wp-content\/uploads\/2021\/11\/MHM_3820-1536x871.jpg 1536w, https:\/\/archive.sana.sy\/es\/wp-content\/uploads\/2021\/11\/MHM_3820-2048x1161.jpg 2048w\" sizes=\"(max-width: 2560px) 100vw, 2560px\" \/><\/a>\n\t\t\t<\/div><\/figure><figure class='gallery-item'>\n\t\t\t<div class='gallery-icon landscape'>\n\t\t\t\t<a href='https:\/\/archive.sana.sy\/es\/wp-content\/uploads\/2021\/11\/MHM_3912-scaled.jpg'><img loading=\"lazy\" decoding=\"async\" width=\"2560\" height=\"1704\" src=\"https:\/\/archive.sana.sy\/es\/wp-content\/uploads\/2021\/11\/MHM_3912-scaled.jpg\" class=\"attachment-full size-full\" alt=\"\" srcset=\"https:\/\/archive.sana.sy\/es\/wp-content\/uploads\/2021\/11\/MHM_3912-scaled.jpg 2560w, https:\/\/archive.sana.sy\/es\/wp-content\/uploads\/2021\/11\/MHM_3912-300x200.jpg 300w, https:\/\/archive.sana.sy\/es\/wp-content\/uploads\/2021\/11\/MHM_3912-1024x682.jpg 1024w, https:\/\/archive.sana.sy\/es\/wp-content\/uploads\/2021\/11\/MHM_3912-150x100.jpg 150w, https:\/\/archive.sana.sy\/es\/wp-content\/uploads\/2021\/11\/MHM_3912-768x511.jpg 768w, https:\/\/archive.sana.sy\/es\/wp-content\/uploads\/2021\/11\/MHM_3912-1536x1022.jpg 1536w, https:\/\/archive.sana.sy\/es\/wp-content\/uploads\/2021\/11\/MHM_3912-2048x1363.jpg 2048w, https:\/\/archive.sana.sy\/es\/wp-content\/uploads\/2021\/11\/MHM_3912-310x205.jpg 310w\" sizes=\"(max-width: 2560px) 100vw, 2560px\" \/><\/a>\n\t\t\t<\/div><\/figure><figure class='gallery-item'>\n\t\t\t<div class='gallery-icon landscape'>\n\t\t\t\t<a href='https:\/\/archive.sana.sy\/es\/wp-content\/uploads\/2021\/11\/MHM_3965-scaled.jpg'><img loading=\"lazy\" decoding=\"async\" width=\"2560\" height=\"1704\" src=\"https:\/\/archive.sana.sy\/es\/wp-content\/uploads\/2021\/11\/MHM_3965-scaled.jpg\" class=\"attachment-full size-full\" alt=\"\" srcset=\"https:\/\/archive.sana.sy\/es\/wp-content\/uploads\/2021\/11\/MHM_3965-scaled.jpg 2560w, https:\/\/archive.sana.sy\/es\/wp-content\/uploads\/2021\/11\/MHM_3965-300x200.jpg 300w, https:\/\/archive.sana.sy\/es\/wp-content\/uploads\/2021\/11\/MHM_3965-1024x682.jpg 1024w, https:\/\/archive.sana.sy\/es\/wp-content\/uploads\/2021\/11\/MHM_3965-150x100.jpg 150w, https:\/\/archive.sana.sy\/es\/wp-content\/uploads\/2021\/11\/MHM_3965-768x511.jpg 768w, https:\/\/archive.sana.sy\/es\/wp-content\/uploads\/2021\/11\/MHM_3965-1536x1022.jpg 1536w, https:\/\/archive.sana.sy\/es\/wp-content\/uploads\/2021\/11\/MHM_3965-2048x1363.jpg 2048w, https:\/\/archive.sana.sy\/es\/wp-content\/uploads\/2021\/11\/MHM_3965-310x205.jpg 310w\" sizes=\"(max-width: 2560px) 100vw, 2560px\" \/><\/a>\n\t\t\t<\/div><\/figure>\n\t\t<\/div>\n\n","protected":false},"excerpt":{"rendered":"<p>Damasco, 13 nov (SANA)\u00a0 \u00a0La gobernaci\u00f3n de la Ciudad de Damasco inaugur\u00f3 hoy dos salas de deporte y la galer\u00eda Bakra Elna (Ma\u00f1ana es Nuestro), adem\u00e1s de una exposici\u00f3n bajo el t\u00edtulo: \u201cDamasco y la Prensa durante un Siglo\u201d Las salas son de tenis de mesa, k\u00e1rate y taekwondo, y fueron abiertas en coordinaci\u00f3n con &hellip;<\/p>\n","protected":false},"author":34,"featured_media":205235,"comment_status":"closed","ping_status":"closed","sticky":false,"template":"","format":"standard","meta":{"footnotes":""},"categories":[447,477,597,494,476,457,583,1],"tags":[],"class_list":["post-205231","post","type-post","status-publish","format-standard","has-post-thumbnail","","category-local-politica","category-noticias-edulcorantes","category-cinta-de-noticias","category-deportes","category-locales","category-noticias-arabe-internacional-politica","category-slide","category-news-not-sorted"],"_links":{"self":[{"href":"https:\/\/archive.sana.sy\/es\/index.php?rest_route=\/wp\/v2\/posts\/205231"}],"collection":[{"href":"https:\/\/archive.sana.sy\/es\/index.php?rest_route=\/wp\/v2\/posts"}],"about":[{"href":"https:\/\/archive.sana.sy\/es\/index.php?rest_route=\/wp\/v2\/types\/post"}],"author":[{"embeddable":true,"href":"https:\/\/archive.sana.sy\/es\/index.php?rest_route=\/wp\/v2\/users\/34"}],"replies":[{"embeddable":true,"href":"https:\/\/archive.sana.sy\/es\/index.php?rest_route=%2Fwp%2Fv2%2Fcomments&post=205231"}],"version-history":[{"count":0,"href":"https:\/\/archive.sana.sy\/es\/index.php?rest_route=\/wp\/v2\/posts\/205231\/revisions"}],"wp:featuredmedia":[{"embeddable":true,"href":"https:\/\/archive.sana.sy\/es\/index.php?rest_route=\/wp\/v2\/media\/205235"}],"wp:attachment":[{"href":"https:\/\/archive.sana.sy\/es\/index.php?rest_route=%2Fwp%2Fv2%2Fmedia&parent=205231"}],"wp:term":[{"taxonomy":"category","embeddable":true,"href":"https:\/\/archive.sana.sy\/es\/index.php?rest_route=%2Fwp%2Fv2%2Fcategories&post=205231"},{"taxonomy":"post_tag","embeddable":true,"href":"https:\/\/archive.sana.sy\/es\/index.php?rest_route=%2Fwp%2Fv2%2Ftags&post=205231"}],"curies":[{"name":"wp","href":"https:\/\/api.w.org\/{rel}","templated":true}]}}