{"id":205246,"date":"2021-11-13T20:30:20","date_gmt":"2021-11-13T18:30:20","guid":{"rendered":"http:\/\/107.6.182.27\/es\/?p=205246"},"modified":"2023-01-10T14:24:12","modified_gmt":"2023-01-10T12:24:12","slug":"homenajean-a-hijos-de-militares-martires-y-desaparecidos-que-se-sobresalieron-en-sus-estudios","status":"publish","type":"post","link":"https:\/\/archive.sana.sy\/es\/?p=205246","title":{"rendered":"Homenajean a hijos de militares, m\u00e1rtires y desaparecidos que se sobresalieron en sus estudios"},"content":{"rendered":"<p style=\"text-align: justify;\"><span style=\"color: #800000;\"><strong>Provincias, 13 nov (SANA)<\/strong><\/span>\u00a0\u00a0 Bajo el patrocinio del presidente Bashar al-Assad, Comandante en Jefe del Ej\u00e9rcito y las Fuerzas Armadas, se organizaron ceremonias de homenaje en varias provincias a los hijos de militares en servicio y jubilados, m\u00e1rtires, desaparecidos y heridos, que se sobresalieron en los ex\u00e1menes finales de la etapa preuniversitaria.<\/p>\n<p style=\"text-align: justify;\">\u201cVivimos en un tiempo en el que s\u00f3lo hay lugar para los fuertes, por lo que es necesario poseer la ciencia y el conocimiento, y seguir la investigaci\u00f3n cient\u00edfica\u201d afirmaron las palabras pronunciadas durante las ceremonias.<\/p>\n<p style=\"text-align: justify;\">Los estudiantes m\u00e1s sobresalientes pronunciaron discursos en los que expresaron su orgullo por el homenaje y atenci\u00f3n del presidente al-Assad, y que esto constituye un incentivo para ellos.<\/p>\n<div id='gallery-1' class='gallery galleryid-205246 gallery-columns-1 gallery-size-full'><figure class='gallery-item'>\n\t\t\t<div class='gallery-icon landscape'>\n\t\t\t\t<a href='https:\/\/archive.sana.sy\/es\/wp-content\/uploads\/2021\/11\/photo_2021-11-13_19-57-22.jpg'><img loading=\"lazy\" decoding=\"async\" width=\"660\" height=\"438\" src=\"https:\/\/archive.sana.sy\/es\/wp-content\/uploads\/2021\/11\/photo_2021-11-13_19-57-22.jpg\" class=\"attachment-full size-full\" alt=\"\" srcset=\"https:\/\/archive.sana.sy\/es\/wp-content\/uploads\/2021\/11\/photo_2021-11-13_19-57-22.jpg 660w, https:\/\/archive.sana.sy\/es\/wp-content\/uploads\/2021\/11\/photo_2021-11-13_19-57-22-300x199.jpg 300w, https:\/\/archive.sana.sy\/es\/wp-content\/uploads\/2021\/11\/photo_2021-11-13_19-57-22-150x100.jpg 150w, https:\/\/archive.sana.sy\/es\/wp-content\/uploads\/2021\/11\/photo_2021-11-13_19-57-22-310x205.jpg 310w\" sizes=\"(max-width: 660px) 100vw, 660px\" \/><\/a>\n\t\t\t<\/div><\/figure><figure class='gallery-item'>\n\t\t\t<div class='gallery-icon landscape'>\n\t\t\t\t<a href='https:\/\/archive.sana.sy\/es\/wp-content\/uploads\/2021\/11\/photo_2021-11-13_19-57-34-1.jpg'><img loading=\"lazy\" decoding=\"async\" width=\"660\" height=\"440\" src=\"https:\/\/archive.sana.sy\/es\/wp-content\/uploads\/2021\/11\/photo_2021-11-13_19-57-34-1.jpg\" class=\"attachment-full size-full\" alt=\"\" srcset=\"https:\/\/archive.sana.sy\/es\/wp-content\/uploads\/2021\/11\/photo_2021-11-13_19-57-34-1.jpg 660w, https:\/\/archive.sana.sy\/es\/wp-content\/uploads\/2021\/11\/photo_2021-11-13_19-57-34-1-300x200.jpg 300w, https:\/\/archive.sana.sy\/es\/wp-content\/uploads\/2021\/11\/photo_2021-11-13_19-57-34-1-150x100.jpg 150w\" sizes=\"(max-width: 660px) 100vw, 660px\" \/><\/a>\n\t\t\t<\/div><\/figure><figure class='gallery-item'>\n\t\t\t<div class='gallery-icon landscape'>\n\t\t\t\t<a href='https:\/\/archive.sana.sy\/es\/wp-content\/uploads\/2021\/11\/photo_2021-11-13_19-57-15.jpg'><img loading=\"lazy\" decoding=\"async\" width=\"660\" height=\"438\" src=\"https:\/\/archive.sana.sy\/es\/wp-content\/uploads\/2021\/11\/photo_2021-11-13_19-57-15.jpg\" class=\"attachment-full size-full\" alt=\"\" srcset=\"https:\/\/archive.sana.sy\/es\/wp-content\/uploads\/2021\/11\/photo_2021-11-13_19-57-15.jpg 660w, https:\/\/archive.sana.sy\/es\/wp-content\/uploads\/2021\/11\/photo_2021-11-13_19-57-15-300x199.jpg 300w, https:\/\/archive.sana.sy\/es\/wp-content\/uploads\/2021\/11\/photo_2021-11-13_19-57-15-150x100.jpg 150w, https:\/\/archive.sana.sy\/es\/wp-content\/uploads\/2021\/11\/photo_2021-11-13_19-57-15-310x205.jpg 310w\" sizes=\"(max-width: 660px) 100vw, 660px\" \/><\/a>\n\t\t\t<\/div><\/figure><figure class='gallery-item'>\n\t\t\t<div class='gallery-icon landscape'>\n\t\t\t\t<a href='https:\/\/archive.sana.sy\/es\/wp-content\/uploads\/2021\/11\/photo_2021-11-13_19-57-18.jpg'><img loading=\"lazy\" decoding=\"async\" width=\"660\" height=\"440\" src=\"https:\/\/archive.sana.sy\/es\/wp-content\/uploads\/2021\/11\/photo_2021-11-13_19-57-18.jpg\" class=\"attachment-full size-full\" alt=\"\" srcset=\"https:\/\/archive.sana.sy\/es\/wp-content\/uploads\/2021\/11\/photo_2021-11-13_19-57-18.jpg 660w, https:\/\/archive.sana.sy\/es\/wp-content\/uploads\/2021\/11\/photo_2021-11-13_19-57-18-300x200.jpg 300w, https:\/\/archive.sana.sy\/es\/wp-content\/uploads\/2021\/11\/photo_2021-11-13_19-57-18-150x100.jpg 150w\" sizes=\"(max-width: 660px) 100vw, 660px\" \/><\/a>\n\t\t\t<\/div><\/figure><figure class='gallery-item'>\n\t\t\t<div class='gallery-icon landscape'>\n\t\t\t\t<a href='https:\/\/archive.sana.sy\/es\/wp-content\/uploads\/2021\/11\/photo_2021-11-13_19-57-34-2.jpg'><img loading=\"lazy\" decoding=\"async\" width=\"600\" height=\"290\" src=\"https:\/\/archive.sana.sy\/es\/wp-content\/uploads\/2021\/11\/photo_2021-11-13_19-57-34-2.jpg\" class=\"attachment-full size-full\" alt=\"\" srcset=\"https:\/\/archive.sana.sy\/es\/wp-content\/uploads\/2021\/11\/photo_2021-11-13_19-57-34-2.jpg 600w, https:\/\/archive.sana.sy\/es\/wp-content\/uploads\/2021\/11\/photo_2021-11-13_19-57-34-2-300x145.jpg 300w, https:\/\/archive.sana.sy\/es\/wp-content\/uploads\/2021\/11\/photo_2021-11-13_19-57-34-2-150x73.jpg 150w\" sizes=\"(max-width: 600px) 100vw, 600px\" \/><\/a>\n\t\t\t<\/div><\/figure>\n\t\t<\/div>\n\n<p style=\"text-align: justify;\">fm<\/p>\n","protected":false},"excerpt":{"rendered":"<p>Provincias, 13 nov (SANA)\u00a0\u00a0 Bajo el patrocinio del presidente Bashar al-Assad, Comandante en Jefe del Ej\u00e9rcito y las Fuerzas Armadas, se organizaron ceremonias de homenaje en varias provincias a los hijos de militares en servicio y jubilados, m\u00e1rtires, desaparecidos y heridos, que se sobresalieron en los ex\u00e1menes finales de la etapa preuniversitaria. \u201cVivimos en un &hellip;<\/p>\n","protected":false},"author":34,"featured_media":205247,"comment_status":"closed","ping_status":"closed","sticky":false,"template":"","format":"standard","meta":{"footnotes":""},"categories":[447,477,597,476,457,583],"tags":[],"class_list":["post-205246","post","type-post","status-publish","format-standard","has-post-thumbnail","","category-local-politica","category-noticias-edulcorantes","category-cinta-de-noticias","category-locales","category-noticias-arabe-internacional-politica","category-slide"],"_links":{"self":[{"href":"https:\/\/archive.sana.sy\/es\/index.php?rest_route=\/wp\/v2\/posts\/205246"}],"collection":[{"href":"https:\/\/archive.sana.sy\/es\/index.php?rest_route=\/wp\/v2\/posts"}],"about":[{"href":"https:\/\/archive.sana.sy\/es\/index.php?rest_route=\/wp\/v2\/types\/post"}],"author":[{"embeddable":true,"href":"https:\/\/archive.sana.sy\/es\/index.php?rest_route=\/wp\/v2\/users\/34"}],"replies":[{"embeddable":true,"href":"https:\/\/archive.sana.sy\/es\/index.php?rest_route=%2Fwp%2Fv2%2Fcomments&post=205246"}],"version-history":[{"count":0,"href":"https:\/\/archive.sana.sy\/es\/index.php?rest_route=\/wp\/v2\/posts\/205246\/revisions"}],"wp:featuredmedia":[{"embeddable":true,"href":"https:\/\/archive.sana.sy\/es\/index.php?rest_route=\/wp\/v2\/media\/205247"}],"wp:attachment":[{"href":"https:\/\/archive.sana.sy\/es\/index.php?rest_route=%2Fwp%2Fv2%2Fmedia&parent=205246"}],"wp:term":[{"taxonomy":"category","embeddable":true,"href":"https:\/\/archive.sana.sy\/es\/index.php?rest_route=%2Fwp%2Fv2%2Fcategories&post=205246"},{"taxonomy":"post_tag","embeddable":true,"href":"https:\/\/archive.sana.sy\/es\/index.php?rest_route=%2Fwp%2Fv2%2Ftags&post=205246"}],"curies":[{"name":"wp","href":"https:\/\/api.w.org\/{rel}","templated":true}]}}