{"id":205254,"date":"2021-11-13T20:54:13","date_gmt":"2021-11-13T18:54:13","guid":{"rendered":"http:\/\/107.6.182.27\/es\/?p=205254"},"modified":"2021-11-13T20:54:13","modified_gmt":"2021-11-13T18:54:13","slug":"siria-y-unesco-cooperan-en-ensenanza-de-la-inteligencia-artificial","status":"publish","type":"post","link":"https:\/\/archive.sana.sy\/es\/?p=205254","title":{"rendered":"Siria y Unesco cooperan en ense\u00f1anza de la inteligencia artificial"},"content":{"rendered":"<p style=\"text-align: justify;\"><strong><span style=\"color: #800000;\">Paris, 13 nov (SANA)<\/span><\/strong>\u00a0 \u00a0La delegaci\u00f3n siria participante en la 41\u00aa Conferencia General de la Organizaci\u00f3n de las Naciones Unidas para la Educaci\u00f3n, la Ciencia y la Cultura (UNESCO) se reuni\u00f3 con Shamila Nair-Bedouelle, subdirectora general de Ciencias Naturales de la Unesco.<\/p>\n<p style=\"text-align: justify;\">Las dos partes acordaron cooperar para desarrollar la ense\u00f1anza de inteligencia artificial y apoyar los centros de excelencia, especialmente en los campos de matem\u00e1ticas, rob\u00f3tica y f\u00edsica, adem\u00e1s de mejorar el aprendizaje de las ciencias mediante la impresi\u00f3n 3D.<\/p>\n<p style=\"text-align: justify;\">Asimismo, la delegaci\u00f3n siria, encabezada por el ministro de Educaci\u00f3n Darem Tabbaa, abord\u00f3 con Ernesto Ottone, subdirector general de Asuntos Culturales de la Unesco, Ernesto Orton, los medios para prestar el apoyo internacional necesario para la rehabilitaci\u00f3n de sitios arqueol\u00f3gicos y la devoluci\u00f3n de antig\u00fcedades robadas, adem\u00e1s de dar m\u00e1s atenci\u00f3n al patrimonio inmaterial.<\/p>\n<p style=\"text-align: justify;\">Los encuentros realizados por la delegaci\u00f3n siria tambi\u00e9n incluyeron una reuni\u00f3n con el ministro de Educaci\u00f3n de Mauritania y otra con la ministra de Educaci\u00f3n de Venezuela, Yelitze Santaella.<\/p>\n<p>rr\/fm<\/p>\n<div id='gallery-1' class='gallery galleryid-205254 gallery-columns-2 gallery-size-medium'><figure class='gallery-item'>\n\t\t\t<div class='gallery-icon landscape'>\n\t\t\t\t<a href='https:\/\/archive.sana.sy\/es\/wp-content\/uploads\/2021\/11\/photo_2021-11-13_15-53-57.jpg'><img loading=\"lazy\" decoding=\"async\" width=\"300\" height=\"215\" src=\"https:\/\/archive.sana.sy\/es\/wp-content\/uploads\/2021\/11\/photo_2021-11-13_15-53-57-300x215.jpg\" class=\"attachment-medium size-medium\" alt=\"\" srcset=\"https:\/\/archive.sana.sy\/es\/wp-content\/uploads\/2021\/11\/photo_2021-11-13_15-53-57-300x215.jpg 300w, https:\/\/archive.sana.sy\/es\/wp-content\/uploads\/2021\/11\/photo_2021-11-13_15-53-57-150x108.jpg 150w, https:\/\/archive.sana.sy\/es\/wp-content\/uploads\/2021\/11\/photo_2021-11-13_15-53-57-768x550.jpg 768w, https:\/\/archive.sana.sy\/es\/wp-content\/uploads\/2021\/11\/photo_2021-11-13_15-53-57.jpg 960w\" sizes=\"(max-width: 300px) 100vw, 300px\" \/><\/a>\n\t\t\t<\/div><\/figure><figure class='gallery-item'>\n\t\t\t<div class='gallery-icon landscape'>\n\t\t\t\t<a href='https:\/\/archive.sana.sy\/es\/wp-content\/uploads\/2021\/11\/photo_2021-11-13_15-53-59.jpg'><img loading=\"lazy\" decoding=\"async\" width=\"300\" height=\"221\" src=\"https:\/\/archive.sana.sy\/es\/wp-content\/uploads\/2021\/11\/photo_2021-11-13_15-53-59-300x221.jpg\" class=\"attachment-medium size-medium\" alt=\"\" srcset=\"https:\/\/archive.sana.sy\/es\/wp-content\/uploads\/2021\/11\/photo_2021-11-13_15-53-59-300x221.jpg 300w, https:\/\/archive.sana.sy\/es\/wp-content\/uploads\/2021\/11\/photo_2021-11-13_15-53-59-150x110.jpg 150w, https:\/\/archive.sana.sy\/es\/wp-content\/uploads\/2021\/11\/photo_2021-11-13_15-53-59-768x566.jpg 768w, https:\/\/archive.sana.sy\/es\/wp-content\/uploads\/2021\/11\/photo_2021-11-13_15-53-59.jpg 896w\" sizes=\"(max-width: 300px) 100vw, 300px\" \/><\/a>\n\t\t\t<\/div><\/figure><figure class='gallery-item'>\n\t\t\t<div class='gallery-icon landscape'>\n\t\t\t\t<a href='https:\/\/archive.sana.sy\/es\/wp-content\/uploads\/2021\/11\/photo_2021-11-13_15-54-00.jpg'><img loading=\"lazy\" decoding=\"async\" width=\"300\" height=\"207\" src=\"https:\/\/archive.sana.sy\/es\/wp-content\/uploads\/2021\/11\/photo_2021-11-13_15-54-00-300x207.jpg\" class=\"attachment-medium size-medium\" alt=\"\" srcset=\"https:\/\/archive.sana.sy\/es\/wp-content\/uploads\/2021\/11\/photo_2021-11-13_15-54-00-300x207.jpg 300w, https:\/\/archive.sana.sy\/es\/wp-content\/uploads\/2021\/11\/photo_2021-11-13_15-54-00-150x104.jpg 150w, https:\/\/archive.sana.sy\/es\/wp-content\/uploads\/2021\/11\/photo_2021-11-13_15-54-00-768x531.jpg 768w, https:\/\/archive.sana.sy\/es\/wp-content\/uploads\/2021\/11\/photo_2021-11-13_15-54-00-110x75.jpg 110w, https:\/\/archive.sana.sy\/es\/wp-content\/uploads\/2021\/11\/photo_2021-11-13_15-54-00.jpg 923w\" sizes=\"(max-width: 300px) 100vw, 300px\" \/><\/a>\n\t\t\t<\/div><\/figure><figure class='gallery-item'>\n\t\t\t<div class='gallery-icon landscape'>\n\t\t\t\t<a href='https:\/\/archive.sana.sy\/es\/wp-content\/uploads\/2021\/11\/photo_2021-11-13_15-54-01.jpg'><img loading=\"lazy\" decoding=\"async\" width=\"300\" height=\"175\" src=\"https:\/\/archive.sana.sy\/es\/wp-content\/uploads\/2021\/11\/photo_2021-11-13_15-54-01-300x175.jpg\" class=\"attachment-medium size-medium\" alt=\"\" srcset=\"https:\/\/archive.sana.sy\/es\/wp-content\/uploads\/2021\/11\/photo_2021-11-13_15-54-01-300x175.jpg 300w, https:\/\/archive.sana.sy\/es\/wp-content\/uploads\/2021\/11\/photo_2021-11-13_15-54-01-150x87.jpg 150w, https:\/\/archive.sana.sy\/es\/wp-content\/uploads\/2021\/11\/photo_2021-11-13_15-54-01-768x447.jpg 768w, https:\/\/archive.sana.sy\/es\/wp-content\/uploads\/2021\/11\/photo_2021-11-13_15-54-01.jpg 948w\" sizes=\"(max-width: 300px) 100vw, 300px\" \/><\/a>\n\t\t\t<\/div><\/figure>\n\t\t<\/div>\n\n","protected":false},"excerpt":{"rendered":"<p>Paris, 13 nov (SANA)\u00a0 \u00a0La delegaci\u00f3n siria participante en la 41\u00aa Conferencia General de la Organizaci\u00f3n de las Naciones Unidas para la Educaci\u00f3n, la Ciencia y la Cultura (UNESCO) se reuni\u00f3 con Shamila Nair-Bedouelle, subdirectora general de Ciencias Naturales de la Unesco. Las dos partes acordaron cooperar para desarrollar la ense\u00f1anza de inteligencia artificial y &hellip;<\/p>\n","protected":false},"author":31,"featured_media":205255,"comment_status":"closed","ping_status":"closed","sticky":false,"template":"","format":"standard","meta":{"footnotes":""},"categories":[597,467,7541],"tags":[],"class_list":["post-205254","post","type-post","status-publish","format-standard","has-post-thumbnail","","category-cinta-de-noticias","category-siria-y-el-mundo","category-ultimas-noticias"],"_links":{"self":[{"href":"https:\/\/archive.sana.sy\/es\/index.php?rest_route=\/wp\/v2\/posts\/205254"}],"collection":[{"href":"https:\/\/archive.sana.sy\/es\/index.php?rest_route=\/wp\/v2\/posts"}],"about":[{"href":"https:\/\/archive.sana.sy\/es\/index.php?rest_route=\/wp\/v2\/types\/post"}],"author":[{"embeddable":true,"href":"https:\/\/archive.sana.sy\/es\/index.php?rest_route=\/wp\/v2\/users\/31"}],"replies":[{"embeddable":true,"href":"https:\/\/archive.sana.sy\/es\/index.php?rest_route=%2Fwp%2Fv2%2Fcomments&post=205254"}],"version-history":[{"count":0,"href":"https:\/\/archive.sana.sy\/es\/index.php?rest_route=\/wp\/v2\/posts\/205254\/revisions"}],"wp:featuredmedia":[{"embeddable":true,"href":"https:\/\/archive.sana.sy\/es\/index.php?rest_route=\/wp\/v2\/media\/205255"}],"wp:attachment":[{"href":"https:\/\/archive.sana.sy\/es\/index.php?rest_route=%2Fwp%2Fv2%2Fmedia&parent=205254"}],"wp:term":[{"taxonomy":"category","embeddable":true,"href":"https:\/\/archive.sana.sy\/es\/index.php?rest_route=%2Fwp%2Fv2%2Fcategories&post=205254"},{"taxonomy":"post_tag","embeddable":true,"href":"https:\/\/archive.sana.sy\/es\/index.php?rest_route=%2Fwp%2Fv2%2Ftags&post=205254"}],"curies":[{"name":"wp","href":"https:\/\/api.w.org\/{rel}","templated":true}]}}