{"id":20526,"date":"2015-04-01T15:50:13","date_gmt":"2015-04-01T12:50:13","guid":{"rendered":"http:\/\/www.sana.sy\/es\/?p=20526"},"modified":"2015-04-01T15:50:13","modified_gmt":"2015-04-01T12:50:13","slug":"embajador-norcoreano-ratifica-el-apoyo-de-su-pais-a-siria","status":"publish","type":"post","link":"https:\/\/archive.sana.sy\/es\/?p=20526","title":{"rendered":"Embajador norcoreano ratifica el apoyo de su pa\u00eds a Siria"},"content":{"rendered":"<p><span style=\"color: #800000\">Damasco, SANA<\/span><\/p>\n<p>El embajador de Rep\u00fablica Democr\u00e1tica Popular de Corea visit\u00f3 este mi\u00e9rcoles la sede de la Uni\u00f3n General de Mujeres Sirias.<\/p>\n<p>Al reunirse con la jefa de la Uni\u00f3n, Mayyeda Quteit, el embajador norcoreano ratific\u00f3 la postura de su pa\u00eds de apoyo a Siria en la lucha contra el terrorismo, manifestando su confianza en la cordura del liderazgo sirio y la capacidad del pueblo y del ej\u00e9rcito de Siria a erradicar el terrorismo y frustrar el complot elaborado por EEUU y Occidente para extender su hegemon\u00eda en la regi\u00f3n.<\/p>\n<p>Asimismo, resalt\u00f3 la importancia de fortalecer las relaciones bilaterales entre Siria y la Rep\u00fablica Democr\u00e1tica Popular de Corea en todos los \u00e1mbitos, haciendo una panor\u00e1mica sobre la experiencia de su pa\u00eds en las \u00e1reas de salud y educaci\u00f3n.<\/p>\n<p>A su vez, la jefa de la Uni\u00f3n afirm\u00f3 que Siria y Corea del Norte hacen frente a las mismas metas por las que EEUU trata de imponer su hegemon\u00eda y socavar la soberan\u00eda e independencia de los pueblos de ambos pa\u00edses.<\/p>\n<p>De igual manera, Quteit elogi\u00f3 las dignas posturas de Corea del Norte hacia Siria, resaltando la importancia de reforzar las relaciones entre las uniones de mujeres de ambos pa\u00edses.<\/p>\n<p>Lynn A., Fady M.<\/p>\n","protected":false},"excerpt":{"rendered":"<p>Damasco, SANA El embajador de Rep\u00fablica Democr\u00e1tica Popular de Corea visit\u00f3 este mi\u00e9rcoles la sede de la Uni\u00f3n General de Mujeres Sirias. Al reunirse con la jefa de la Uni\u00f3n, Mayyeda Quteit, el embajador norcoreano ratific\u00f3 la postura de su pa\u00eds de apoyo a Siria en la lucha contra el terrorismo, manifestando su confianza en &hellip;<\/p>\n","protected":false},"author":24,"featured_media":20527,"comment_status":"closed","ping_status":"closed","sticky":false,"template":"","format":"standard","meta":{"footnotes":""},"categories":[477,476],"tags":[4659],"class_list":["post-20526","post","type-post","status-publish","format-standard","has-post-thumbnail","","category-noticias-edulcorantes","category-locales","tag-embajador-norcoreano-ratifica-el-apoyo-de-su-pais-a-siria"],"_links":{"self":[{"href":"https:\/\/archive.sana.sy\/es\/index.php?rest_route=\/wp\/v2\/posts\/20526"}],"collection":[{"href":"https:\/\/archive.sana.sy\/es\/index.php?rest_route=\/wp\/v2\/posts"}],"about":[{"href":"https:\/\/archive.sana.sy\/es\/index.php?rest_route=\/wp\/v2\/types\/post"}],"author":[{"embeddable":true,"href":"https:\/\/archive.sana.sy\/es\/index.php?rest_route=\/wp\/v2\/users\/24"}],"replies":[{"embeddable":true,"href":"https:\/\/archive.sana.sy\/es\/index.php?rest_route=%2Fwp%2Fv2%2Fcomments&post=20526"}],"version-history":[{"count":0,"href":"https:\/\/archive.sana.sy\/es\/index.php?rest_route=\/wp\/v2\/posts\/20526\/revisions"}],"wp:featuredmedia":[{"embeddable":true,"href":"https:\/\/archive.sana.sy\/es\/index.php?rest_route=\/wp\/v2\/media\/20527"}],"wp:attachment":[{"href":"https:\/\/archive.sana.sy\/es\/index.php?rest_route=%2Fwp%2Fv2%2Fmedia&parent=20526"}],"wp:term":[{"taxonomy":"category","embeddable":true,"href":"https:\/\/archive.sana.sy\/es\/index.php?rest_route=%2Fwp%2Fv2%2Fcategories&post=20526"},{"taxonomy":"post_tag","embeddable":true,"href":"https:\/\/archive.sana.sy\/es\/index.php?rest_route=%2Fwp%2Fv2%2Ftags&post=20526"}],"curies":[{"name":"wp","href":"https:\/\/api.w.org\/{rel}","templated":true}]}}