{"id":205298,"date":"2021-11-14T10:07:19","date_gmt":"2021-11-14T08:07:19","guid":{"rendered":"http:\/\/107.6.182.27\/es\/?p=205298"},"modified":"2023-01-09T14:04:51","modified_gmt":"2023-01-09T12:04:51","slug":"arranca-proceso-de-reconciliacion-global-en-provincia-de-deir-ezzor","status":"publish","type":"post","link":"https:\/\/archive.sana.sy\/es\/?p=205298","title":{"rendered":"Arranca proceso de reconciliaci\u00f3n global en provincia de Deir Ezzor"},"content":{"rendered":"<p style=\"text-align: justify;\"><strong><span style=\"color: #800000;\">Deir Ezzor, 14 nov (SANA)\u00a0<\/span><\/strong> Un proceso de reconciliaci\u00f3n general comenz\u00f3 hoy en la provincia oriental siria de Deir Ezzor.<\/p>\n<p style=\"text-align: justify;\">Pr\u00f3fugos y militares fugitivos del servicio obligatorio y de reserva ser\u00e1n indultados al entregarse a las autoridades competentes.<\/p>\n<p style=\"text-align: justify;\">La Sala Deportiva en la ciudad ha sido escenario de una amplia concurrencia de civiles buscados y militares fugitivos quienes en base del arreglo har\u00e1n su servicio en las provincias orientales.<\/p>\n<p style=\"text-align: justify;\">El jeque de la tribu al-Baqara, Nawaf al-Bashir dijo en una declaraci\u00f3n a SANA que este arreglo &#8220;viene en marco de una amnist\u00eda generosa de parte del presidente Bashar al-Assad, y es un mensaje para todos nuestros hijos que fueron enga\u00f1ados para que vuelvan al marco patrio que tiene cabida para todos y as\u00ed puedan participar en su reconstrucci\u00f3n&#8221;.<\/p>\n<p style=\"text-align: justify;\">En una declaraci\u00f3n sobre el mismo tema, el jeque Fawaz Al-Wakaa, dignatario del clan Al-Bukhabur, dijo que el arreglo \u201ces una oportunidad para que todas las personas de la provincia que quieran solventar su situaci\u00f3n regresen al seno de la patria, bien honrados&#8221;.<\/p>\n<p style=\"text-align: justify;\">El jeque del clan Al-Busraya, Muhanna Al-Fayyad, indic\u00f3 que el proceso de arreglo es &#8220;completo y final y los procedimientos son f\u00e1ciles&#8221;, y pidi\u00f3 a todos los naturales de la provincia en el pa\u00eds y en el extranjero a que &#8220;aprovechen esta oportunidad para expresar su pertenencia a su tierra natal\u201d.<\/p>\n<p style=\"text-align: justify;\">Varios de aquellos cuyos estatutos fueron resueltos elogiaron los \u201ctr\u00e1mites facilitados y el buen trato que recibieron durante el arreglo de su estatus por parte de las autoridades competentes\u201d, as\u00ed como llamaron a todos aquellos que fueron enga\u00f1ados\u201c a volver al camino correcto y resolver su situaci\u00f3n &#8220;.<\/p>\n<p style=\"text-align: justify;\">Cabe destacar que los procesos de arreglo continuar\u00e1n en los pr\u00f3ximos d\u00edas en la ciudad de Deir Ezzor antes de trasladarse al resto de ciudades y pueblos de la gobernaci\u00f3n.<\/p>\n<p style=\"text-align: justify;\"><strong><span style=\"color: #0000ff;\">fm\/rsh\/ah<\/span><\/strong><\/p>\n<div id='gallery-1' class='gallery galleryid-205298 gallery-columns-1 gallery-size-full'><figure class='gallery-item'>\n\t\t\t<div class='gallery-icon landscape'>\n\t\t\t\t<a href='https:\/\/archive.sana.sy\/es\/?attachment_id=205300'><img loading=\"lazy\" decoding=\"async\" width=\"2560\" height=\"1591\" src=\"https:\/\/archive.sana.sy\/es\/wp-content\/uploads\/2021\/11\/photo_2021-11-14_09-44-17-copy-scaled.jpg\" class=\"attachment-full size-full\" alt=\"\" srcset=\"https:\/\/archive.sana.sy\/es\/wp-content\/uploads\/2021\/11\/photo_2021-11-14_09-44-17-copy-scaled.jpg 2560w, https:\/\/archive.sana.sy\/es\/wp-content\/uploads\/2021\/11\/photo_2021-11-14_09-44-17-copy-300x186.jpg 300w, https:\/\/archive.sana.sy\/es\/wp-content\/uploads\/2021\/11\/photo_2021-11-14_09-44-17-copy-1024x636.jpg 1024w, https:\/\/archive.sana.sy\/es\/wp-content\/uploads\/2021\/11\/photo_2021-11-14_09-44-17-copy-150x93.jpg 150w, https:\/\/archive.sana.sy\/es\/wp-content\/uploads\/2021\/11\/photo_2021-11-14_09-44-17-copy-768x477.jpg 768w, https:\/\/archive.sana.sy\/es\/wp-content\/uploads\/2021\/11\/photo_2021-11-14_09-44-17-copy-1536x955.jpg 1536w, https:\/\/archive.sana.sy\/es\/wp-content\/uploads\/2021\/11\/photo_2021-11-14_09-44-17-copy-2048x1273.jpg 2048w\" sizes=\"(max-width: 2560px) 100vw, 2560px\" \/><\/a>\n\t\t\t<\/div><\/figure><figure class='gallery-item'>\n\t\t\t<div class='gallery-icon landscape'>\n\t\t\t\t<a href='https:\/\/archive.sana.sy\/es\/?attachment_id=205301'><img loading=\"lazy\" decoding=\"async\" width=\"2560\" height=\"1924\" src=\"https:\/\/archive.sana.sy\/es\/wp-content\/uploads\/2021\/11\/photo_2021-11-14_09-44-20-scaled.jpg\" class=\"attachment-full size-full\" alt=\"\" srcset=\"https:\/\/archive.sana.sy\/es\/wp-content\/uploads\/2021\/11\/photo_2021-11-14_09-44-20-scaled.jpg 2560w, https:\/\/archive.sana.sy\/es\/wp-content\/uploads\/2021\/11\/photo_2021-11-14_09-44-20-300x225.jpg 300w, https:\/\/archive.sana.sy\/es\/wp-content\/uploads\/2021\/11\/photo_2021-11-14_09-44-20-1024x770.jpg 1024w, https:\/\/archive.sana.sy\/es\/wp-content\/uploads\/2021\/11\/photo_2021-11-14_09-44-20-150x113.jpg 150w, https:\/\/archive.sana.sy\/es\/wp-content\/uploads\/2021\/11\/photo_2021-11-14_09-44-20-768x577.jpg 768w, https:\/\/archive.sana.sy\/es\/wp-content\/uploads\/2021\/11\/photo_2021-11-14_09-44-20-1536x1154.jpg 1536w, https:\/\/archive.sana.sy\/es\/wp-content\/uploads\/2021\/11\/photo_2021-11-14_09-44-20-2048x1539.jpg 2048w\" sizes=\"(max-width: 2560px) 100vw, 2560px\" \/><\/a>\n\t\t\t<\/div><\/figure><figure class='gallery-item'>\n\t\t\t<div class='gallery-icon landscape'>\n\t\t\t\t<a href='https:\/\/archive.sana.sy\/es\/?attachment_id=205302'><img loading=\"lazy\" decoding=\"async\" width=\"2560\" height=\"1687\" src=\"https:\/\/archive.sana.sy\/es\/wp-content\/uploads\/2021\/11\/photo_2021-11-14_09-44-24-scaled.jpg\" class=\"attachment-full size-full\" alt=\"\" srcset=\"https:\/\/archive.sana.sy\/es\/wp-content\/uploads\/2021\/11\/photo_2021-11-14_09-44-24-scaled.jpg 2560w, https:\/\/archive.sana.sy\/es\/wp-content\/uploads\/2021\/11\/photo_2021-11-14_09-44-24-300x198.jpg 300w, https:\/\/archive.sana.sy\/es\/wp-content\/uploads\/2021\/11\/photo_2021-11-14_09-44-24-1024x675.jpg 1024w, https:\/\/archive.sana.sy\/es\/wp-content\/uploads\/2021\/11\/photo_2021-11-14_09-44-24-150x99.jpg 150w, https:\/\/archive.sana.sy\/es\/wp-content\/uploads\/2021\/11\/photo_2021-11-14_09-44-24-768x506.jpg 768w, https:\/\/archive.sana.sy\/es\/wp-content\/uploads\/2021\/11\/photo_2021-11-14_09-44-24-1536x1012.jpg 1536w, https:\/\/archive.sana.sy\/es\/wp-content\/uploads\/2021\/11\/photo_2021-11-14_09-44-24-2048x1350.jpg 2048w, https:\/\/archive.sana.sy\/es\/wp-content\/uploads\/2021\/11\/photo_2021-11-14_09-44-24-310x205.jpg 310w\" sizes=\"(max-width: 2560px) 100vw, 2560px\" \/><\/a>\n\t\t\t<\/div><\/figure><figure class='gallery-item'>\n\t\t\t<div class='gallery-icon landscape'>\n\t\t\t\t<a href='https:\/\/archive.sana.sy\/es\/?attachment_id=205303'><img loading=\"lazy\" decoding=\"async\" width=\"2560\" height=\"1666\" src=\"https:\/\/archive.sana.sy\/es\/wp-content\/uploads\/2021\/11\/photo_2021-11-14_09-44-26-2-scaled.jpg\" class=\"attachment-full size-full\" alt=\"\" srcset=\"https:\/\/archive.sana.sy\/es\/wp-content\/uploads\/2021\/11\/photo_2021-11-14_09-44-26-2-scaled.jpg 2560w, https:\/\/archive.sana.sy\/es\/wp-content\/uploads\/2021\/11\/photo_2021-11-14_09-44-26-2-300x195.jpg 300w, https:\/\/archive.sana.sy\/es\/wp-content\/uploads\/2021\/11\/photo_2021-11-14_09-44-26-2-1024x666.jpg 1024w, https:\/\/archive.sana.sy\/es\/wp-content\/uploads\/2021\/11\/photo_2021-11-14_09-44-26-2-150x98.jpg 150w, https:\/\/archive.sana.sy\/es\/wp-content\/uploads\/2021\/11\/photo_2021-11-14_09-44-26-2-768x500.jpg 768w, https:\/\/archive.sana.sy\/es\/wp-content\/uploads\/2021\/11\/photo_2021-11-14_09-44-26-2-1536x1000.jpg 1536w, https:\/\/archive.sana.sy\/es\/wp-content\/uploads\/2021\/11\/photo_2021-11-14_09-44-26-2-2048x1333.jpg 2048w\" sizes=\"(max-width: 2560px) 100vw, 2560px\" \/><\/a>\n\t\t\t<\/div><\/figure><figure class='gallery-item'>\n\t\t\t<div class='gallery-icon landscape'>\n\t\t\t\t<a href='https:\/\/archive.sana.sy\/es\/?attachment_id=205304'><img loading=\"lazy\" decoding=\"async\" width=\"2560\" height=\"1527\" src=\"https:\/\/archive.sana.sy\/es\/wp-content\/uploads\/2021\/11\/photo_2021-11-14_09-48-57-scaled.jpg\" class=\"attachment-full size-full\" alt=\"\" srcset=\"https:\/\/archive.sana.sy\/es\/wp-content\/uploads\/2021\/11\/photo_2021-11-14_09-48-57-scaled.jpg 2560w, https:\/\/archive.sana.sy\/es\/wp-content\/uploads\/2021\/11\/photo_2021-11-14_09-48-57-300x179.jpg 300w, https:\/\/archive.sana.sy\/es\/wp-content\/uploads\/2021\/11\/photo_2021-11-14_09-48-57-1024x611.jpg 1024w, https:\/\/archive.sana.sy\/es\/wp-content\/uploads\/2021\/11\/photo_2021-11-14_09-48-57-150x90.jpg 150w, https:\/\/archive.sana.sy\/es\/wp-content\/uploads\/2021\/11\/photo_2021-11-14_09-48-57-768x458.jpg 768w, https:\/\/archive.sana.sy\/es\/wp-content\/uploads\/2021\/11\/photo_2021-11-14_09-48-57-1536x916.jpg 1536w, https:\/\/archive.sana.sy\/es\/wp-content\/uploads\/2021\/11\/photo_2021-11-14_09-48-57-2048x1222.jpg 2048w\" sizes=\"(max-width: 2560px) 100vw, 2560px\" \/><\/a>\n\t\t\t<\/div><\/figure>\n\t\t<\/div>\n\n<p style=\"text-align: justify;\">\n","protected":false},"excerpt":{"rendered":"<p>Deir Ezzor, 14 nov (SANA)\u00a0 Un proceso de reconciliaci\u00f3n general comenz\u00f3 hoy en la provincia oriental siria de Deir Ezzor. Pr\u00f3fugos y militares fugitivos del servicio obligatorio y de reserva ser\u00e1n indultados al entregarse a las autoridades competentes. La Sala Deportiva en la ciudad ha sido escenario de una amplia concurrencia de civiles buscados y &hellip;<\/p>\n","protected":false},"author":35,"featured_media":205326,"comment_status":"closed","ping_status":"closed","sticky":false,"template":"","format":"standard","meta":{"footnotes":""},"categories":[477,447,597,476,583],"tags":[10402,19695,1347],"class_list":["post-205298","post","type-post","status-publish","format-standard","has-post-thumbnail","","category-noticias-edulcorantes","category-local-politica","category-cinta-de-noticias","category-locales","category-slide","tag-deir-ezzor","tag-reconciliacion","tag-sana"],"_links":{"self":[{"href":"https:\/\/archive.sana.sy\/es\/index.php?rest_route=\/wp\/v2\/posts\/205298"}],"collection":[{"href":"https:\/\/archive.sana.sy\/es\/index.php?rest_route=\/wp\/v2\/posts"}],"about":[{"href":"https:\/\/archive.sana.sy\/es\/index.php?rest_route=\/wp\/v2\/types\/post"}],"author":[{"embeddable":true,"href":"https:\/\/archive.sana.sy\/es\/index.php?rest_route=\/wp\/v2\/users\/35"}],"replies":[{"embeddable":true,"href":"https:\/\/archive.sana.sy\/es\/index.php?rest_route=%2Fwp%2Fv2%2Fcomments&post=205298"}],"version-history":[{"count":0,"href":"https:\/\/archive.sana.sy\/es\/index.php?rest_route=\/wp\/v2\/posts\/205298\/revisions"}],"wp:featuredmedia":[{"embeddable":true,"href":"https:\/\/archive.sana.sy\/es\/index.php?rest_route=\/wp\/v2\/media\/205326"}],"wp:attachment":[{"href":"https:\/\/archive.sana.sy\/es\/index.php?rest_route=%2Fwp%2Fv2%2Fmedia&parent=205298"}],"wp:term":[{"taxonomy":"category","embeddable":true,"href":"https:\/\/archive.sana.sy\/es\/index.php?rest_route=%2Fwp%2Fv2%2Fcategories&post=205298"},{"taxonomy":"post_tag","embeddable":true,"href":"https:\/\/archive.sana.sy\/es\/index.php?rest_route=%2Fwp%2Fv2%2Ftags&post=205298"}],"curies":[{"name":"wp","href":"https:\/\/api.w.org\/{rel}","templated":true}]}}