{"id":205312,"date":"2021-11-14T11:52:35","date_gmt":"2021-11-14T09:52:35","guid":{"rendered":"http:\/\/107.6.182.27\/es\/?p=205312"},"modified":"2023-01-09T14:04:51","modified_gmt":"2023-01-09T12:04:51","slug":"ponen-en-libertad-a-nuevo-grupo-de-detenidos-en-provincia-de-deraa","status":"publish","type":"post","link":"https:\/\/archive.sana.sy\/es\/?p=205312","title":{"rendered":"Ponen en libertad a 20 detenidos en provincia de Deraa"},"content":{"rendered":"<p style=\"text-align: justify;\"><strong><span style=\"color: #800000;\">Deraa, 14 nov (SANA)<\/span><\/strong>\u00a0 20 detenidos fueron puestos en libertad hoy en la provincia sure\u00f1a de Deraa.<\/p>\n<p style=\"text-align: justify;\">Dicha liberaci\u00f3n forma parte de la implementaci\u00f3n del acuerdo de reconciliaci\u00f3n propuesto por el Estado sirio e implementado recientemente en esta provincia sure\u00f1a.<\/p>\n<p style=\"text-align: justify;\">El pasado d\u00eda 7 del mes en curso, al menos 15 detenidos fueron puestos en libertad.<\/p>\n<p style=\"text-align: justify;\">Una fuente de seguridad hab\u00eda explicado que el proceso de liberaci\u00f3n se lleva a cabo de acuerdo a determinados procedimientos legales y ser\u00e1n liberados otros grupos sucesivamente.<\/p>\n<p style=\"text-align: justify;\">Durante los dos \u00faltimos meses, la provincia de Daraa fue testigo de un proceso de pacificaci\u00f3n que abarc\u00f3 a decenas de localidades en paralelo con operaciones de peinado del Ej\u00e9rcito \u00c1rabe Sirio.<\/p>\n<div id='gallery-1' class='gallery galleryid-205312 gallery-columns-1 gallery-size-full'><figure class='gallery-item'>\n\t\t\t<div class='gallery-icon landscape'>\n\t\t\t\t<a href='https:\/\/archive.sana.sy\/es\/?attachment_id=205315'><img loading=\"lazy\" decoding=\"async\" width=\"800\" height=\"513\" src=\"https:\/\/archive.sana.sy\/es\/wp-content\/uploads\/2021\/11\/daraaaaa12.jpg\" class=\"attachment-full size-full\" alt=\"\" srcset=\"https:\/\/archive.sana.sy\/es\/wp-content\/uploads\/2021\/11\/daraaaaa12.jpg 800w, https:\/\/archive.sana.sy\/es\/wp-content\/uploads\/2021\/11\/daraaaaa12-300x192.jpg 300w, https:\/\/archive.sana.sy\/es\/wp-content\/uploads\/2021\/11\/daraaaaa12-150x96.jpg 150w, https:\/\/archive.sana.sy\/es\/wp-content\/uploads\/2021\/11\/daraaaaa12-768x492.jpg 768w\" sizes=\"(max-width: 800px) 100vw, 800px\" \/><\/a>\n\t\t\t<\/div><\/figure><figure class='gallery-item'>\n\t\t\t<div class='gallery-icon landscape'>\n\t\t\t\t<a href='https:\/\/archive.sana.sy\/es\/?attachment_id=205316'><img loading=\"lazy\" decoding=\"async\" width=\"800\" height=\"523\" src=\"https:\/\/archive.sana.sy\/es\/wp-content\/uploads\/2021\/11\/daraaaaa13.jpg\" class=\"attachment-full size-full\" alt=\"\" srcset=\"https:\/\/archive.sana.sy\/es\/wp-content\/uploads\/2021\/11\/daraaaaa13.jpg 800w, https:\/\/archive.sana.sy\/es\/wp-content\/uploads\/2021\/11\/daraaaaa13-300x196.jpg 300w, https:\/\/archive.sana.sy\/es\/wp-content\/uploads\/2021\/11\/daraaaaa13-150x98.jpg 150w, https:\/\/archive.sana.sy\/es\/wp-content\/uploads\/2021\/11\/daraaaaa13-768x502.jpg 768w\" sizes=\"(max-width: 800px) 100vw, 800px\" \/><\/a>\n\t\t\t<\/div><\/figure>\n\t\t<\/div>\n\n<p style=\"text-align: justify;\"><span style=\"color: #0000ff;\"><strong>fm\/ws<\/strong><\/span><\/p>\n","protected":false},"excerpt":{"rendered":"<p>Deraa, 14 nov (SANA)\u00a0 20 detenidos fueron puestos en libertad hoy en la provincia sure\u00f1a de Deraa. Dicha liberaci\u00f3n forma parte de la implementaci\u00f3n del acuerdo de reconciliaci\u00f3n propuesto por el Estado sirio e implementado recientemente en esta provincia sure\u00f1a. El pasado d\u00eda 7 del mes en curso, al menos 15 detenidos fueron puestos en &hellip;<\/p>\n","protected":false},"author":35,"featured_media":205324,"comment_status":"closed","ping_status":"closed","sticky":false,"template":"","format":"standard","meta":{"footnotes":""},"categories":[447,477,597,476,457,583],"tags":[17398,8642,1347],"class_list":["post-205312","post","type-post","status-publish","format-standard","has-post-thumbnail","","category-local-politica","category-noticias-edulcorantes","category-cinta-de-noticias","category-locales","category-noticias-arabe-internacional-politica","category-slide","tag-deraa","tag-detenidos","tag-sana"],"_links":{"self":[{"href":"https:\/\/archive.sana.sy\/es\/index.php?rest_route=\/wp\/v2\/posts\/205312"}],"collection":[{"href":"https:\/\/archive.sana.sy\/es\/index.php?rest_route=\/wp\/v2\/posts"}],"about":[{"href":"https:\/\/archive.sana.sy\/es\/index.php?rest_route=\/wp\/v2\/types\/post"}],"author":[{"embeddable":true,"href":"https:\/\/archive.sana.sy\/es\/index.php?rest_route=\/wp\/v2\/users\/35"}],"replies":[{"embeddable":true,"href":"https:\/\/archive.sana.sy\/es\/index.php?rest_route=%2Fwp%2Fv2%2Fcomments&post=205312"}],"version-history":[{"count":0,"href":"https:\/\/archive.sana.sy\/es\/index.php?rest_route=\/wp\/v2\/posts\/205312\/revisions"}],"wp:featuredmedia":[{"embeddable":true,"href":"https:\/\/archive.sana.sy\/es\/index.php?rest_route=\/wp\/v2\/media\/205324"}],"wp:attachment":[{"href":"https:\/\/archive.sana.sy\/es\/index.php?rest_route=%2Fwp%2Fv2%2Fmedia&parent=205312"}],"wp:term":[{"taxonomy":"category","embeddable":true,"href":"https:\/\/archive.sana.sy\/es\/index.php?rest_route=%2Fwp%2Fv2%2Fcategories&post=205312"},{"taxonomy":"post_tag","embeddable":true,"href":"https:\/\/archive.sana.sy\/es\/index.php?rest_route=%2Fwp%2Fv2%2Ftags&post=205312"}],"curies":[{"name":"wp","href":"https:\/\/api.w.org\/{rel}","templated":true}]}}