{"id":205320,"date":"2021-11-14T13:05:18","date_gmt":"2021-11-14T11:05:18","guid":{"rendered":"http:\/\/107.6.182.27\/es\/?p=205320"},"modified":"2023-01-10T14:24:11","modified_gmt":"2023-01-10T12:24:11","slug":"ataque-de-grupos-populares-deja-muertos-a-dos-armados-de-fds-en-deir-ezzor","status":"publish","type":"post","link":"https:\/\/archive.sana.sy\/es\/?p=205320","title":{"rendered":"Ataque de grupos populares deja muertos a dos armados de FDS en Deir Ezzor"},"content":{"rendered":"<p style=\"text-align: justify;\"><strong><span style=\"color: #800000;\">Deir Ezzor, 14 nov (SANA)\u00a0<\/span> <\/strong>Un ataque con ametralladoras tuvo como blanco a un veh\u00edculo militar de la milicia Fuerzas Democr\u00e1ticas Sirias (FDS) respaldada por EE.UU. en el norte de la provincia de Deir Ezzor.<\/p>\n<p style=\"text-align: justify;\">Seg\u00fan fuentes locales, dos integrantes de la referida milicia murieron a causa del ataque perpetrado por formaciones populares contra su veh\u00edculo en la carretera del pueblo de Ghariba en el campo norte\u00f1o de Deir Ezzor.<\/p>\n<p style=\"text-align: justify;\">Los ataques contra la FDS son muy frecuentes en las \u00e1reas donde est\u00e1n desplegadas en la regi\u00f3n siria de Al-Jazira, lo cual refleja la furia popular contra sus cr\u00edmenes.<\/p>\n<p style=\"text-align: justify;\"><span style=\"color: #0000ff;\"><strong>ws\/fm<\/strong><\/span><\/p>\n","protected":false},"excerpt":{"rendered":"<p>Deir Ezzor, 14 nov (SANA)\u00a0 Un ataque con ametralladoras tuvo como blanco a un veh\u00edculo militar de la milicia Fuerzas Democr\u00e1ticas Sirias (FDS) respaldada por EE.UU. en el norte de la provincia de Deir Ezzor. Seg\u00fan fuentes locales, dos integrantes de la referida milicia murieron a causa del ataque perpetrado por formaciones populares contra su &hellip;<\/p>\n","protected":false},"author":35,"featured_media":205321,"comment_status":"closed","ping_status":"closed","sticky":false,"template":"","format":"standard","meta":{"footnotes":""},"categories":[477,447,597,573,476,7541],"tags":[10402,4811,19605,1347],"class_list":["post-205320","post","type-post","status-publish","format-standard","has-post-thumbnail","","category-noticias-edulcorantes","category-local-politica","category-cinta-de-noticias","category-la-realidad-de-los-acontecimientos-en-siria","category-locales","category-ultimas-noticias","tag-deir-ezzor","tag-ee-uu","tag-fds","tag-sana"],"_links":{"self":[{"href":"https:\/\/archive.sana.sy\/es\/index.php?rest_route=\/wp\/v2\/posts\/205320"}],"collection":[{"href":"https:\/\/archive.sana.sy\/es\/index.php?rest_route=\/wp\/v2\/posts"}],"about":[{"href":"https:\/\/archive.sana.sy\/es\/index.php?rest_route=\/wp\/v2\/types\/post"}],"author":[{"embeddable":true,"href":"https:\/\/archive.sana.sy\/es\/index.php?rest_route=\/wp\/v2\/users\/35"}],"replies":[{"embeddable":true,"href":"https:\/\/archive.sana.sy\/es\/index.php?rest_route=%2Fwp%2Fv2%2Fcomments&post=205320"}],"version-history":[{"count":0,"href":"https:\/\/archive.sana.sy\/es\/index.php?rest_route=\/wp\/v2\/posts\/205320\/revisions"}],"wp:featuredmedia":[{"embeddable":true,"href":"https:\/\/archive.sana.sy\/es\/index.php?rest_route=\/wp\/v2\/media\/205321"}],"wp:attachment":[{"href":"https:\/\/archive.sana.sy\/es\/index.php?rest_route=%2Fwp%2Fv2%2Fmedia&parent=205320"}],"wp:term":[{"taxonomy":"category","embeddable":true,"href":"https:\/\/archive.sana.sy\/es\/index.php?rest_route=%2Fwp%2Fv2%2Fcategories&post=205320"},{"taxonomy":"post_tag","embeddable":true,"href":"https:\/\/archive.sana.sy\/es\/index.php?rest_route=%2Fwp%2Fv2%2Ftags&post=205320"}],"curies":[{"name":"wp","href":"https:\/\/api.w.org\/{rel}","templated":true}]}}