{"id":20534,"date":"2015-04-01T17:09:43","date_gmt":"2015-04-01T14:09:43","guid":{"rendered":"http:\/\/www.sana.sy\/es\/?p=20534"},"modified":"2015-04-01T17:12:46","modified_gmt":"2015-04-01T14:12:46","slug":"presidente-de-la-asamblea-del-pueblo-llama-a-presionar-a-algunos-gobiernos-para-que-respeten-las-soberanias-de-los-estados","status":"publish","type":"post","link":"https:\/\/archive.sana.sy\/es\/?p=20534","title":{"rendered":"Presidente de la Asamblea del Pueblo llama a presionar a algunos gobiernos para que respeten las soberan\u00edas de los Estados"},"content":{"rendered":"<p><span style=\"color: #800000\">Han\u00f3i, SANA<\/span><\/p>\n<p>El presidente de la Asamblea del Pueblo, Mohamad Yihad al-Laham, examin\u00f3 con varios presidentes de parlamentos el reforzamiento de las relaciones interparlamentarias y el impacto del terrorismo sobre la regi\u00f3n y todo el mundo.<\/p>\n<p>En la clausura de las sesiones del periodo 132 de la Asamblea de la Uni\u00f3n Internacional Interparlamentaria en Han\u00f3i, al-Laham se reuni\u00f3 con el vicepresidente del Parlamento de Uruguay, Iv\u00e1n Posada, con quien examin\u00f3 la importancia de promover las relaciones interparlamentarias y econ\u00f3micas entre ambos pa\u00edses.<\/p>\n<p>Asimismo al-Laham aludi\u00f3 al papel de los parlamentos en hacer frente al peligro del terrorismo y el extremismo mediante la elaboraci\u00f3n de legislaciones que contribuyen a frenar la actividad de los terroristas y su movimiento, e incriminar a cualquier parte que brinde apoyo moral o financiero a los mismos.<\/p>\n<p>Asimismo, destac\u00f3 la necesidad de ejercer presiones sobre los gobiernos para que cumplan con el derecho internacional y respeten la soberan\u00eda de los otros pa\u00edses.<\/p>\n<p>En el mismo contexto, el Presidente del Parlamento sirio debati\u00f3 con la vicepresidenta de la Asamblea Nacional de Vietnam, Nguyen Thi Kim Ngan, las v\u00edas de ampliar la cooperaci\u00f3n interparlamentaria y econ\u00f3mica entre Vietnam y Siria, agradeciendo al Parlamento vietnam\u00e9s por las facilidades log\u00edsticas concedidas a la delegaci\u00f3n siria y a todas las delegaciones participantes.<\/p>\n<p>Asimismo, al-Laham debati\u00f3 con el presidente de la delegaci\u00f3n venezolana, Dario Vivas, las relaciones bilaterales, el terrorismo que sufren Siria y las intenciones injerencistas de EEUU en los pa\u00edses de Am\u00e9rica Latina.<\/p>\n<p>El Presidente de la Asamblea del Pueblo de Siria ratific\u00f3 el apoyo de Siria a Venezuela en su lucha contra los intentos injerencistas y las amenazas de EEUU.<\/p>\n<p>Igualmente, Vivas expres\u00f3 la solidaridad de su pa\u00eds Venezuela, tanto pueblo como gobierno, con Siria en su lucha contra el terrorismo patrocinado por EEUU y Occidente.<\/p>\n<p>A todo ello, al-Laham se entrevist\u00f3 con el presidente de la Asamblea Nacional de las Islas Seychelles, Patrick Herminie, con quien analiz\u00f3 la situaci\u00f3n en Oriente Medio, la expansi\u00f3n del terrorismo en el Mediterr\u00e1neo y las v\u00edas de activar las relaciones parlamentarias entre ambos pa\u00edses.<\/p>\n<p>Durante sus reuniones, al-Laham llam\u00f3 a los parlamentos del mundo a cerrar filas ante la expansi\u00f3n de la lacra del extremismo que est\u00e1 destruyendo el patrimonio humanitario y cultural sirio, afirmando que el terrorismo que sufre Siria cruzar\u00e1 sus fronteras para alcanzar otros pa\u00edses.<\/p>\n<p>Cabe destacar que las sesiones del periodo 132 de la Asamblea de la Uni\u00f3n Internacional Interparlamentaria hab\u00edan iniciado el s\u00e1bado pasado en la capital vietnam\u00e9s Han\u00f3i.<\/p>\n<div id='gallery-1' class='gallery galleryid-20534 gallery-columns-3 gallery-size-thumbnail'><figure class='gallery-item'>\n\t\t\t<div class='gallery-icon landscape'>\n\t\t\t\t<a href='https:\/\/archive.sana.sy\/es\/wp-content\/uploads\/2015\/04\/Laham-Sychelles.jpg'><img loading=\"lazy\" decoding=\"async\" width=\"150\" height=\"90\" src=\"https:\/\/archive.sana.sy\/es\/wp-content\/uploads\/2015\/04\/Laham-Sychelles-150x90.jpg\" class=\"attachment-thumbnail size-thumbnail\" alt=\"\" srcset=\"https:\/\/archive.sana.sy\/es\/wp-content\/uploads\/2015\/04\/Laham-Sychelles-150x90.jpg 150w, https:\/\/archive.sana.sy\/es\/wp-content\/uploads\/2015\/04\/Laham-Sychelles-300x181.jpg 300w, https:\/\/archive.sana.sy\/es\/wp-content\/uploads\/2015\/04\/Laham-Sychelles.jpg 500w\" sizes=\"(max-width: 150px) 100vw, 150px\" \/><\/a>\n\t\t\t<\/div><\/figure><figure class='gallery-item'>\n\t\t\t<div class='gallery-icon landscape'>\n\t\t\t\t<a href='https:\/\/archive.sana.sy\/es\/wp-content\/uploads\/2015\/04\/laham-venezuela.jpg'><img loading=\"lazy\" decoding=\"async\" width=\"150\" height=\"97\" src=\"https:\/\/archive.sana.sy\/es\/wp-content\/uploads\/2015\/04\/laham-venezuela-150x97.jpg\" class=\"attachment-thumbnail size-thumbnail\" alt=\"\" srcset=\"https:\/\/archive.sana.sy\/es\/wp-content\/uploads\/2015\/04\/laham-venezuela-150x97.jpg 150w, https:\/\/archive.sana.sy\/es\/wp-content\/uploads\/2015\/04\/laham-venezuela-300x194.jpg 300w, https:\/\/archive.sana.sy\/es\/wp-content\/uploads\/2015\/04\/laham-venezuela.jpg 500w\" sizes=\"(max-width: 150px) 100vw, 150px\" \/><\/a>\n\t\t\t<\/div><\/figure><figure class='gallery-item'>\n\t\t\t<div class='gallery-icon landscape'>\n\t\t\t\t<a href='https:\/\/archive.sana.sy\/es\/wp-content\/uploads\/2015\/04\/laham-vietnames.jpg'><img loading=\"lazy\" decoding=\"async\" width=\"150\" height=\"104\" src=\"https:\/\/archive.sana.sy\/es\/wp-content\/uploads\/2015\/04\/laham-vietnames-150x104.jpg\" class=\"attachment-thumbnail size-thumbnail\" alt=\"\" srcset=\"https:\/\/archive.sana.sy\/es\/wp-content\/uploads\/2015\/04\/laham-vietnames-150x104.jpg 150w, https:\/\/archive.sana.sy\/es\/wp-content\/uploads\/2015\/04\/laham-vietnames-300x208.jpg 300w, https:\/\/archive.sana.sy\/es\/wp-content\/uploads\/2015\/04\/laham-vietnames.jpg 500w\" sizes=\"(max-width: 150px) 100vw, 150px\" \/><\/a>\n\t\t\t<\/div><\/figure>\n\t\t<\/div>\n\n<p>Lynn A., Fady M.<\/p>\n","protected":false},"excerpt":{"rendered":"<p>Han\u00f3i, SANA El presidente de la Asamblea del Pueblo, Mohamad Yihad al-Laham, examin\u00f3 con varios presidentes de parlamentos el reforzamiento de las relaciones interparlamentarias y el impacto del terrorismo sobre la regi\u00f3n y todo el mundo. En la clausura de las sesiones del periodo 132 de la Asamblea de la Uni\u00f3n Internacional Interparlamentaria en Han\u00f3i, &hellip;<\/p>\n","protected":false},"author":24,"featured_media":20535,"comment_status":"closed","ping_status":"closed","sticky":false,"template":"","format":"standard","meta":{"footnotes":""},"categories":[597,456,457,576],"tags":[4660],"class_list":["post-20534","post","type-post","status-publish","format-standard","has-post-thumbnail","","category-cinta-de-noticias","category-arabe-internacional-politica","category-noticias-arabe-internacional-politica","category-noticias-politicas","tag-presidente-de-la-asamblea-del-pueblo-llama-a-presionar-a-algunos-gobiernos-para-que-respeten-las-soberanias-de-los-estados"],"_links":{"self":[{"href":"https:\/\/archive.sana.sy\/es\/index.php?rest_route=\/wp\/v2\/posts\/20534"}],"collection":[{"href":"https:\/\/archive.sana.sy\/es\/index.php?rest_route=\/wp\/v2\/posts"}],"about":[{"href":"https:\/\/archive.sana.sy\/es\/index.php?rest_route=\/wp\/v2\/types\/post"}],"author":[{"embeddable":true,"href":"https:\/\/archive.sana.sy\/es\/index.php?rest_route=\/wp\/v2\/users\/24"}],"replies":[{"embeddable":true,"href":"https:\/\/archive.sana.sy\/es\/index.php?rest_route=%2Fwp%2Fv2%2Fcomments&post=20534"}],"version-history":[{"count":0,"href":"https:\/\/archive.sana.sy\/es\/index.php?rest_route=\/wp\/v2\/posts\/20534\/revisions"}],"wp:featuredmedia":[{"embeddable":true,"href":"https:\/\/archive.sana.sy\/es\/index.php?rest_route=\/wp\/v2\/media\/20535"}],"wp:attachment":[{"href":"https:\/\/archive.sana.sy\/es\/index.php?rest_route=%2Fwp%2Fv2%2Fmedia&parent=20534"}],"wp:term":[{"taxonomy":"category","embeddable":true,"href":"https:\/\/archive.sana.sy\/es\/index.php?rest_route=%2Fwp%2Fv2%2Fcategories&post=20534"},{"taxonomy":"post_tag","embeddable":true,"href":"https:\/\/archive.sana.sy\/es\/index.php?rest_route=%2Fwp%2Fv2%2Ftags&post=20534"}],"curies":[{"name":"wp","href":"https:\/\/api.w.org\/{rel}","templated":true}]}}