{"id":20542,"date":"2015-04-01T17:22:56","date_gmt":"2015-04-01T14:22:56","guid":{"rendered":"http:\/\/www.sana.sy\/es\/?p=20542"},"modified":"2015-04-01T17:22:56","modified_gmt":"2015-04-01T14:22:56","slug":"haidar-llama-a-aplicar-el-plan-de-de-mistura-no-solamente-en-alepo-sino-tambien-en-las-demas-areas-sirias","status":"publish","type":"post","link":"https:\/\/archive.sana.sy\/es\/?p=20542","title":{"rendered":"Haidar llama a aplicar el plan de De Mistura no solamente en Alepo sino tambi\u00e9n en las dem\u00e1s \u00e1reas sirias"},"content":{"rendered":"<p><span style=\"color: #800000\">Damasco, SANA<\/span><\/p>\n<p>El ministro del Estado para Asuntos de Reconciliaci\u00f3n Nacional, Ali Haidar, examin\u00f3 este mi\u00e9rcoles con la directora de la oficina del enviado especial de la ONU, Staffan de Mistura en Damasco, Khaula Mattar, la posibilidad de la cooperaci\u00f3n entre el Ministerio y el equipo del enviado especial.<\/p>\n<p>Durante la reuni\u00f3n que tuvo efecto en la sede del Ministerio de Reconciliaci\u00f3n Nacional, Haidar destac\u00f3 la importancia de vincular el trabajo del ministerio con el plan de de Minstura para congelar el conflicto en Alepo, puesto que ambas partes est\u00e1n encargadas con dos expedientes principales que son: la reconciliaci\u00f3n local y el di\u00e1logo pol\u00edtico.<br \/>\nEn este contexto, el ministro Haidar llam\u00f3 a aplicar el plan de De Mistura no solamente en Alepo sino tambi\u00e9n en las dem\u00e1s \u00e1reas sirias.<\/p>\n<p>Asimismo, resalt\u00f3 la importancia de asentar bases para una cooperaci\u00f3n eficiente sobre el terreno a fin de llevar a cabo las reconciliaciones locales, que son la plataforma s\u00f3lida del proceso pol\u00edtico.<br \/>\n\u201cCualquier logro que se desarrolla en el territorio sirio es por todos los sirios, inclusive el plan de De Mistura\u201d, acot\u00f3 el ministro sirio.<\/p>\n<p>A su vez, Mattar hizo hincapi\u00e9 en la necesidad de la coordinaci\u00f3n con el Ministerio de Reconciliaci\u00f3n Nacional, y de que el enviado especial de la ONU y su equipo tengan una visi\u00f3n de ampliar su plan a otras \u00e1reas sirias.<\/p>\n<p>Lynn A., Fady M.<\/p>\n","protected":false},"excerpt":{"rendered":"<p>Damasco, SANA El ministro del Estado para Asuntos de Reconciliaci\u00f3n Nacional, Ali Haidar, examin\u00f3 este mi\u00e9rcoles con la directora de la oficina del enviado especial de la ONU, Staffan de Mistura en Damasco, Khaula Mattar, la posibilidad de la cooperaci\u00f3n entre el Ministerio y el equipo del enviado especial. Durante la reuni\u00f3n que tuvo efecto &hellip;<\/p>\n","protected":false},"author":24,"featured_media":20543,"comment_status":"closed","ping_status":"closed","sticky":false,"template":"","format":"standard","meta":{"footnotes":""},"categories":[477,597,476],"tags":[4661],"class_list":["post-20542","post","type-post","status-publish","format-standard","has-post-thumbnail","","category-noticias-edulcorantes","category-cinta-de-noticias","category-locales","tag-haidar-llama-a-aplicar-el-plan-de-de-mistura-no-solamente-en-alepo-sino-tambien-en-las-demas-areas-sirias"],"_links":{"self":[{"href":"https:\/\/archive.sana.sy\/es\/index.php?rest_route=\/wp\/v2\/posts\/20542"}],"collection":[{"href":"https:\/\/archive.sana.sy\/es\/index.php?rest_route=\/wp\/v2\/posts"}],"about":[{"href":"https:\/\/archive.sana.sy\/es\/index.php?rest_route=\/wp\/v2\/types\/post"}],"author":[{"embeddable":true,"href":"https:\/\/archive.sana.sy\/es\/index.php?rest_route=\/wp\/v2\/users\/24"}],"replies":[{"embeddable":true,"href":"https:\/\/archive.sana.sy\/es\/index.php?rest_route=%2Fwp%2Fv2%2Fcomments&post=20542"}],"version-history":[{"count":0,"href":"https:\/\/archive.sana.sy\/es\/index.php?rest_route=\/wp\/v2\/posts\/20542\/revisions"}],"wp:featuredmedia":[{"embeddable":true,"href":"https:\/\/archive.sana.sy\/es\/index.php?rest_route=\/wp\/v2\/media\/20543"}],"wp:attachment":[{"href":"https:\/\/archive.sana.sy\/es\/index.php?rest_route=%2Fwp%2Fv2%2Fmedia&parent=20542"}],"wp:term":[{"taxonomy":"category","embeddable":true,"href":"https:\/\/archive.sana.sy\/es\/index.php?rest_route=%2Fwp%2Fv2%2Fcategories&post=20542"},{"taxonomy":"post_tag","embeddable":true,"href":"https:\/\/archive.sana.sy\/es\/index.php?rest_route=%2Fwp%2Fv2%2Ftags&post=20542"}],"curies":[{"name":"wp","href":"https:\/\/api.w.org\/{rel}","templated":true}]}}