{"id":205445,"date":"2021-11-15T12:11:01","date_gmt":"2021-11-15T10:11:01","guid":{"rendered":"http:\/\/107.6.182.27\/es\/?p=205445"},"modified":"2021-11-15T18:03:43","modified_gmt":"2021-11-15T16:03:43","slug":"la-onu-confirma-que-eeuu-asesino-a-decenas-de-civiles-en-deir-ezzor","status":"publish","type":"post","link":"https:\/\/archive.sana.sy\/es\/?p=205445","title":{"rendered":"La ONU confirma que EEUU asesin\u00f3 a decenas de civiles en Deir Ezzor"},"content":{"rendered":"<p style=\"text-align: justify;\"><strong><span style=\"color: #800000;\">Nueva York, 15 nov (SANA)<\/span><\/strong>\u00a0 La organizaci\u00f3n de las Naciones Unidas (ONU) culp\u00f3 a las fuerzas de ocupaci\u00f3n estadounidenses por el asesinato de decenas de civiles en la provincia siria de Deir Ezzor, en el a\u00f1o 2019.<\/p>\n<p style=\"text-align: justify;\">&#8220;Estados Unidos debe asumir la responsabilidad de estas acciones que provocaron la muerte de civiles\u201d, declar\u00f3 Farhan Haq, el portavoz adjunto del Secretario General de las Naciones Unidas.<\/p>\n<p style=\"text-align: justify;\">El diario estadounidense The New York Times revel\u00f3 en un informe publicado el s\u00e1bado \u00faltimo, que el ej\u00e9rcito de ocupaci\u00f3n estadounidense ocult\u00f3 deliberadamente un crimen que cometi\u00f3 contra civiles en Siria en 2019 durante los ataques a\u00e9reos, y caus\u00f3 la muerte de 64 mujeres y ni\u00f1os.<\/p>\n<p style=\"text-align: justify;\"><strong><span style=\"color: #0000ff;\">ws\/fm<\/span><\/strong><\/p>\n","protected":false},"excerpt":{"rendered":"<p>Nueva York, 15 nov (SANA)\u00a0 La organizaci\u00f3n de las Naciones Unidas (ONU) culp\u00f3 a las fuerzas de ocupaci\u00f3n estadounidenses por el asesinato de decenas de civiles en la provincia siria de Deir Ezzor, en el a\u00f1o 2019. &#8220;Estados Unidos debe asumir la responsabilidad de estas acciones que provocaron la muerte de civiles\u201d, declar\u00f3 Farhan Haq, &hellip;<\/p>\n","protected":false},"author":35,"featured_media":205446,"comment_status":"closed","ping_status":"closed","sticky":false,"template":"","format":"standard","meta":{"footnotes":""},"categories":[477,447,597,476,457,467,7541],"tags":[20234,10402,7132,8813,8799],"class_list":["post-205445","post","type-post","status-publish","format-standard","has-post-thumbnail","","category-noticias-edulcorantes","category-local-politica","category-cinta-de-noticias","category-locales","category-noticias-arabe-internacional-politica","category-siria-y-el-mundo","category-ultimas-noticias","tag-ataques-aereos","tag-deir-ezzor","tag-eeuu","tag-nueva-york","tag-onu"],"_links":{"self":[{"href":"https:\/\/archive.sana.sy\/es\/index.php?rest_route=\/wp\/v2\/posts\/205445"}],"collection":[{"href":"https:\/\/archive.sana.sy\/es\/index.php?rest_route=\/wp\/v2\/posts"}],"about":[{"href":"https:\/\/archive.sana.sy\/es\/index.php?rest_route=\/wp\/v2\/types\/post"}],"author":[{"embeddable":true,"href":"https:\/\/archive.sana.sy\/es\/index.php?rest_route=\/wp\/v2\/users\/35"}],"replies":[{"embeddable":true,"href":"https:\/\/archive.sana.sy\/es\/index.php?rest_route=%2Fwp%2Fv2%2Fcomments&post=205445"}],"version-history":[{"count":0,"href":"https:\/\/archive.sana.sy\/es\/index.php?rest_route=\/wp\/v2\/posts\/205445\/revisions"}],"wp:featuredmedia":[{"embeddable":true,"href":"https:\/\/archive.sana.sy\/es\/index.php?rest_route=\/wp\/v2\/media\/205446"}],"wp:attachment":[{"href":"https:\/\/archive.sana.sy\/es\/index.php?rest_route=%2Fwp%2Fv2%2Fmedia&parent=205445"}],"wp:term":[{"taxonomy":"category","embeddable":true,"href":"https:\/\/archive.sana.sy\/es\/index.php?rest_route=%2Fwp%2Fv2%2Fcategories&post=205445"},{"taxonomy":"post_tag","embeddable":true,"href":"https:\/\/archive.sana.sy\/es\/index.php?rest_route=%2Fwp%2Fv2%2Ftags&post=205445"}],"curies":[{"name":"wp","href":"https:\/\/api.w.org\/{rel}","templated":true}]}}