{"id":20545,"date":"2015-04-01T13:25:33","date_gmt":"2015-04-01T10:25:33","guid":{"rendered":"http:\/\/www.sana.sy\/es\/?p=20545"},"modified":"2015-04-01T17:26:56","modified_gmt":"2015-04-01T14:26:56","slug":"palestina-se-une-oficialmente-a-la-corte-penal-internacional","status":"publish","type":"post","link":"https:\/\/archive.sana.sy\/es\/?p=20545","title":{"rendered":"Palestina se une oficialmente a la Corte Penal Internacional"},"content":{"rendered":"<p><span style=\"color: #800000\">La Haya, SANA<\/span><\/p>\n<p>El vocero de la Corte Penal Internacional, Fadi Al-Abdullah, anunci\u00f3 que\u00a0 Palestina se uni\u00f3 oficialmente a la Corte como miembro de pleno derecho.<\/p>\n<p>Abdullah explic\u00f3 que la Convenci\u00f3n de Roma ha entrado en plena aplicaci\u00f3n para Palestina, incluidos los derechos y las obligaciones del Estado miembro.<\/p>\n<p>Cabe resaltar que la direcci\u00f3n palestina hab\u00eda lanzado a ra\u00edz de la agresi\u00f3n israel\u00ed contra la Franja de Gaza el pasado verano, una campa\u00f1a diplom\u00e1tica y jur\u00eddica para unirse a organizaciones internacionales, lo cual le permite procesar a los funcionarios israel\u00edes por cometer cr\u00edmenes de guerra.<\/p>\n<p>Fady M., Lynn A.<\/p>\n","protected":false},"excerpt":{"rendered":"<p>La Haya, SANA El vocero de la Corte Penal Internacional, Fadi Al-Abdullah, anunci\u00f3 que\u00a0 Palestina se uni\u00f3 oficialmente a la Corte como miembro de pleno derecho. Abdullah explic\u00f3 que la Convenci\u00f3n de Roma ha entrado en plena aplicaci\u00f3n para Palestina, incluidos los derechos y las obligaciones del Estado miembro. Cabe resaltar que la direcci\u00f3n palestina &hellip;<\/p>\n","protected":false},"author":24,"featured_media":20546,"comment_status":"closed","ping_status":"closed","sticky":false,"template":"","format":"standard","meta":{"footnotes":""},"categories":[456,457,576],"tags":[4662],"class_list":["post-20545","post","type-post","status-publish","format-standard","has-post-thumbnail","","category-arabe-internacional-politica","category-noticias-arabe-internacional-politica","category-noticias-politicas","tag-palestina-se-une-oficialmente-a-la-corte-penal-internacional"],"_links":{"self":[{"href":"https:\/\/archive.sana.sy\/es\/index.php?rest_route=\/wp\/v2\/posts\/20545"}],"collection":[{"href":"https:\/\/archive.sana.sy\/es\/index.php?rest_route=\/wp\/v2\/posts"}],"about":[{"href":"https:\/\/archive.sana.sy\/es\/index.php?rest_route=\/wp\/v2\/types\/post"}],"author":[{"embeddable":true,"href":"https:\/\/archive.sana.sy\/es\/index.php?rest_route=\/wp\/v2\/users\/24"}],"replies":[{"embeddable":true,"href":"https:\/\/archive.sana.sy\/es\/index.php?rest_route=%2Fwp%2Fv2%2Fcomments&post=20545"}],"version-history":[{"count":0,"href":"https:\/\/archive.sana.sy\/es\/index.php?rest_route=\/wp\/v2\/posts\/20545\/revisions"}],"wp:featuredmedia":[{"embeddable":true,"href":"https:\/\/archive.sana.sy\/es\/index.php?rest_route=\/wp\/v2\/media\/20546"}],"wp:attachment":[{"href":"https:\/\/archive.sana.sy\/es\/index.php?rest_route=%2Fwp%2Fv2%2Fmedia&parent=20545"}],"wp:term":[{"taxonomy":"category","embeddable":true,"href":"https:\/\/archive.sana.sy\/es\/index.php?rest_route=%2Fwp%2Fv2%2Fcategories&post=20545"},{"taxonomy":"post_tag","embeddable":true,"href":"https:\/\/archive.sana.sy\/es\/index.php?rest_route=%2Fwp%2Fv2%2Ftags&post=20545"}],"curies":[{"name":"wp","href":"https:\/\/api.w.org\/{rel}","templated":true}]}}