{"id":205458,"date":"2021-11-15T15:57:55","date_gmt":"2021-11-15T13:57:55","guid":{"rendered":"http:\/\/107.6.182.27\/es\/?p=205458"},"modified":"2023-01-10T14:24:08","modified_gmt":"2023-01-10T12:24:08","slug":"lanzan-campana-nacional-para-la-deteccion-temprana-de-3-tipos-cancer","status":"publish","type":"post","link":"https:\/\/archive.sana.sy\/es\/?p=205458","title":{"rendered":"Lanzan jornadas cient\u00edficas de salud en Damasco"},"content":{"rendered":"<p style=\"text-align: justify;\"><strong><span style=\"color: #800000;\">Damasco, 15 nov (SANA)<\/span><\/strong> El Ministerio de Salud anunci\u00f3 el lanzamiento de la Jornada Cient\u00edfica de Salud de Damasco que continuar\u00e1 hasta el pr\u00f3ximo jueves.<\/p>\n<p style=\"text-align: justify;\">La misma incluir\u00e1 100 conferencias que se impartir\u00e1n en ocho hospitales y centros de salud y tratar\u00e1n sobre diversas especialidades m\u00e9dicas.<\/p>\n<p style=\"text-align: justify;\">El ministro del ramo, Hassan Al-Ghabash, revel\u00f3 en su discurso durante la inauguraci\u00f3n del evento en la Biblioteca Nacional que el Ministerio lanzar\u00e1 una campa\u00f1a a nivel nacional de detecci\u00f3n temprana de c\u00e1ncer de mama, cuello uterino y pr\u00f3stata.<\/p>\n<p style=\"text-align: justify;\">En otro contexto, llam\u00f3 a los m\u00e9dicos a contribuir a frenar el fen\u00f3meno del uso indiscriminado de antibi\u00f3ticos, que se ha incrementado a nivel mundial con la propagaci\u00f3n de la pandemia Covid-19, y alentar a los ciudadanos a recibir la vacuna contra el nuevo Coronavirus.<\/p>\n<p style=\"text-align: justify;\">mm\/fm<\/p>\n","protected":false},"excerpt":{"rendered":"<p>Damasco, 15 nov (SANA) El Ministerio de Salud anunci\u00f3 el lanzamiento de la Jornada Cient\u00edfica de Salud de Damasco que continuar\u00e1 hasta el pr\u00f3ximo jueves. La misma incluir\u00e1 100 conferencias que se impartir\u00e1n en ocho hospitales y centros de salud y tratar\u00e1n sobre diversas especialidades m\u00e9dicas. El ministro del ramo, Hassan Al-Ghabash, revel\u00f3 en su &hellip;<\/p>\n","protected":false},"author":36,"featured_media":205459,"comment_status":"closed","ping_status":"closed","sticky":false,"template":"","format":"standard","meta":{"footnotes":""},"categories":[447,477,597,476,457,7541],"tags":[7161],"class_list":["post-205458","post","type-post","status-publish","format-standard","has-post-thumbnail","","category-local-politica","category-noticias-edulcorantes","category-cinta-de-noticias","category-locales","category-noticias-arabe-internacional-politica","category-ultimas-noticias","tag-damasco"],"_links":{"self":[{"href":"https:\/\/archive.sana.sy\/es\/index.php?rest_route=\/wp\/v2\/posts\/205458"}],"collection":[{"href":"https:\/\/archive.sana.sy\/es\/index.php?rest_route=\/wp\/v2\/posts"}],"about":[{"href":"https:\/\/archive.sana.sy\/es\/index.php?rest_route=\/wp\/v2\/types\/post"}],"author":[{"embeddable":true,"href":"https:\/\/archive.sana.sy\/es\/index.php?rest_route=\/wp\/v2\/users\/36"}],"replies":[{"embeddable":true,"href":"https:\/\/archive.sana.sy\/es\/index.php?rest_route=%2Fwp%2Fv2%2Fcomments&post=205458"}],"version-history":[{"count":0,"href":"https:\/\/archive.sana.sy\/es\/index.php?rest_route=\/wp\/v2\/posts\/205458\/revisions"}],"wp:featuredmedia":[{"embeddable":true,"href":"https:\/\/archive.sana.sy\/es\/index.php?rest_route=\/wp\/v2\/media\/205459"}],"wp:attachment":[{"href":"https:\/\/archive.sana.sy\/es\/index.php?rest_route=%2Fwp%2Fv2%2Fmedia&parent=205458"}],"wp:term":[{"taxonomy":"category","embeddable":true,"href":"https:\/\/archive.sana.sy\/es\/index.php?rest_route=%2Fwp%2Fv2%2Fcategories&post=205458"},{"taxonomy":"post_tag","embeddable":true,"href":"https:\/\/archive.sana.sy\/es\/index.php?rest_route=%2Fwp%2Fv2%2Ftags&post=205458"}],"curies":[{"name":"wp","href":"https:\/\/api.w.org\/{rel}","templated":true}]}}