{"id":205461,"date":"2021-11-15T16:09:11","date_gmt":"2021-11-15T14:09:11","guid":{"rendered":"http:\/\/107.6.182.27\/es\/?p=205461"},"modified":"2023-01-10T14:24:08","modified_gmt":"2023-01-10T12:24:08","slug":"atletas-sirios-ganan-medallas-de-oro-y-bronce-en-campeonato-mundial-de-karate-en-serbia","status":"publish","type":"post","link":"https:\/\/archive.sana.sy\/es\/?p=205461","title":{"rendered":"Siria gana medallas de oro y bronce en Campeonato Mundial de Karate en Serbia"},"content":{"rendered":"<p style=\"text-align: justify;\"><strong><span style=\"color: #800000;\">Belgrado, 15 nov (SANA) <\/span><\/strong>El ni\u00f1o sirio Daniel Ayman Abaza, gan\u00f3 dos medallas de oro en k\u00e1rate mixto y k\u00e1rate colectivo mixto en el 28\u00ba Campeonato Mundial de Karate Shotokan, celebrado en la ciudad serbia de Zrenjanin.<\/p>\n<p style=\"text-align: justify;\">Abaza gan\u00f3 tambi\u00e9n una medalla de bronce en Lucha Libre.<\/p>\n<p style=\"text-align: justify;\">Mientras el \u00e1rbitro y jugador sirio residente en Bulgaria, Mohammad Hasna, que compiti\u00f3 en representaci\u00f3n de Siria en el campeonato, gan\u00f3 tambi\u00e9n la medalla de bronce en la Lucha Libre.<\/p>\n<p>ed\/mm\/fm<\/p>\n<div id='gallery-1' class='gallery galleryid-205461 gallery-columns-1 gallery-size-full'><figure class='gallery-item'>\n\t\t\t<div class='gallery-icon landscape'>\n\t\t\t\t<a href='https:\/\/archive.sana.sy\/es\/wp-content\/uploads\/2021\/11\/photo_2021-11-15_14-25-48-scaled.jpg'><img loading=\"lazy\" decoding=\"async\" width=\"2560\" height=\"1801\" src=\"https:\/\/archive.sana.sy\/es\/wp-content\/uploads\/2021\/11\/photo_2021-11-15_14-25-48-scaled.jpg\" class=\"attachment-full size-full\" alt=\"\" srcset=\"https:\/\/archive.sana.sy\/es\/wp-content\/uploads\/2021\/11\/photo_2021-11-15_14-25-48-scaled.jpg 2560w, https:\/\/archive.sana.sy\/es\/wp-content\/uploads\/2021\/11\/photo_2021-11-15_14-25-48-300x211.jpg 300w, https:\/\/archive.sana.sy\/es\/wp-content\/uploads\/2021\/11\/photo_2021-11-15_14-25-48-1024x721.jpg 1024w, https:\/\/archive.sana.sy\/es\/wp-content\/uploads\/2021\/11\/photo_2021-11-15_14-25-48-150x106.jpg 150w, https:\/\/archive.sana.sy\/es\/wp-content\/uploads\/2021\/11\/photo_2021-11-15_14-25-48-768x540.jpg 768w, https:\/\/archive.sana.sy\/es\/wp-content\/uploads\/2021\/11\/photo_2021-11-15_14-25-48-1536x1081.jpg 1536w, https:\/\/archive.sana.sy\/es\/wp-content\/uploads\/2021\/11\/photo_2021-11-15_14-25-48-2048x1441.jpg 2048w\" sizes=\"(max-width: 2560px) 100vw, 2560px\" \/><\/a>\n\t\t\t<\/div><\/figure><figure class='gallery-item'>\n\t\t\t<div class='gallery-icon portrait'>\n\t\t\t\t<a href='https:\/\/archive.sana.sy\/es\/wp-content\/uploads\/2021\/11\/photo_2021-11-15_14-25-59-scaled.jpg'><img loading=\"lazy\" decoding=\"async\" width=\"1629\" height=\"2560\" src=\"https:\/\/archive.sana.sy\/es\/wp-content\/uploads\/2021\/11\/photo_2021-11-15_14-25-59-scaled.jpg\" class=\"attachment-full size-full\" alt=\"\" srcset=\"https:\/\/archive.sana.sy\/es\/wp-content\/uploads\/2021\/11\/photo_2021-11-15_14-25-59-scaled.jpg 1629w, https:\/\/archive.sana.sy\/es\/wp-content\/uploads\/2021\/11\/photo_2021-11-15_14-25-59-191x300.jpg 191w, https:\/\/archive.sana.sy\/es\/wp-content\/uploads\/2021\/11\/photo_2021-11-15_14-25-59-652x1024.jpg 652w, https:\/\/archive.sana.sy\/es\/wp-content\/uploads\/2021\/11\/photo_2021-11-15_14-25-59-95x150.jpg 95w, https:\/\/archive.sana.sy\/es\/wp-content\/uploads\/2021\/11\/photo_2021-11-15_14-25-59-768x1207.jpg 768w, https:\/\/archive.sana.sy\/es\/wp-content\/uploads\/2021\/11\/photo_2021-11-15_14-25-59-978x1536.jpg 978w, https:\/\/archive.sana.sy\/es\/wp-content\/uploads\/2021\/11\/photo_2021-11-15_14-25-59-1303x2048.jpg 1303w\" sizes=\"(max-width: 1629px) 100vw, 1629px\" \/><\/a>\n\t\t\t<\/div><\/figure><figure class='gallery-item'>\n\t\t\t<div class='gallery-icon landscape'>\n\t\t\t\t<a href='https:\/\/archive.sana.sy\/es\/wp-content\/uploads\/2021\/11\/photo_2021-11-15_14-26-07-scaled.jpg'><img loading=\"lazy\" decoding=\"async\" width=\"2560\" height=\"1668\" src=\"https:\/\/archive.sana.sy\/es\/wp-content\/uploads\/2021\/11\/photo_2021-11-15_14-26-07-scaled.jpg\" class=\"attachment-full size-full\" alt=\"\" srcset=\"https:\/\/archive.sana.sy\/es\/wp-content\/uploads\/2021\/11\/photo_2021-11-15_14-26-07-scaled.jpg 2560w, https:\/\/archive.sana.sy\/es\/wp-content\/uploads\/2021\/11\/photo_2021-11-15_14-26-07-300x195.jpg 300w, https:\/\/archive.sana.sy\/es\/wp-content\/uploads\/2021\/11\/photo_2021-11-15_14-26-07-1024x667.jpg 1024w, https:\/\/archive.sana.sy\/es\/wp-content\/uploads\/2021\/11\/photo_2021-11-15_14-26-07-150x98.jpg 150w, https:\/\/archive.sana.sy\/es\/wp-content\/uploads\/2021\/11\/photo_2021-11-15_14-26-07-768x500.jpg 768w, https:\/\/archive.sana.sy\/es\/wp-content\/uploads\/2021\/11\/photo_2021-11-15_14-26-07-1536x1001.jpg 1536w, https:\/\/archive.sana.sy\/es\/wp-content\/uploads\/2021\/11\/photo_2021-11-15_14-26-07-2048x1334.jpg 2048w\" sizes=\"(max-width: 2560px) 100vw, 2560px\" \/><\/a>\n\t\t\t<\/div><\/figure>\n\t\t<\/div>\n\n<p>m<\/p>\n","protected":false},"excerpt":{"rendered":"<p>Belgrado, 15 nov (SANA) El ni\u00f1o sirio Daniel Ayman Abaza, gan\u00f3 dos medallas de oro en k\u00e1rate mixto y k\u00e1rate colectivo mixto en el 28\u00ba Campeonato Mundial de Karate Shotokan, celebrado en la ciudad serbia de Zrenjanin. Abaza gan\u00f3 tambi\u00e9n una medalla de bronce en Lucha Libre. Mientras el \u00e1rbitro y jugador sirio residente en &hellip;<\/p>\n","protected":false},"author":36,"featured_media":205493,"comment_status":"closed","ping_status":"closed","sticky":false,"template":"","format":"standard","meta":{"footnotes":""},"categories":[447,477,597,494,476,457,583],"tags":[],"class_list":["post-205461","post","type-post","status-publish","format-standard","has-post-thumbnail","","category-local-politica","category-noticias-edulcorantes","category-cinta-de-noticias","category-deportes","category-locales","category-noticias-arabe-internacional-politica","category-slide"],"_links":{"self":[{"href":"https:\/\/archive.sana.sy\/es\/index.php?rest_route=\/wp\/v2\/posts\/205461"}],"collection":[{"href":"https:\/\/archive.sana.sy\/es\/index.php?rest_route=\/wp\/v2\/posts"}],"about":[{"href":"https:\/\/archive.sana.sy\/es\/index.php?rest_route=\/wp\/v2\/types\/post"}],"author":[{"embeddable":true,"href":"https:\/\/archive.sana.sy\/es\/index.php?rest_route=\/wp\/v2\/users\/36"}],"replies":[{"embeddable":true,"href":"https:\/\/archive.sana.sy\/es\/index.php?rest_route=%2Fwp%2Fv2%2Fcomments&post=205461"}],"version-history":[{"count":0,"href":"https:\/\/archive.sana.sy\/es\/index.php?rest_route=\/wp\/v2\/posts\/205461\/revisions"}],"wp:featuredmedia":[{"embeddable":true,"href":"https:\/\/archive.sana.sy\/es\/index.php?rest_route=\/wp\/v2\/media\/205493"}],"wp:attachment":[{"href":"https:\/\/archive.sana.sy\/es\/index.php?rest_route=%2Fwp%2Fv2%2Fmedia&parent=205461"}],"wp:term":[{"taxonomy":"category","embeddable":true,"href":"https:\/\/archive.sana.sy\/es\/index.php?rest_route=%2Fwp%2Fv2%2Fcategories&post=205461"},{"taxonomy":"post_tag","embeddable":true,"href":"https:\/\/archive.sana.sy\/es\/index.php?rest_route=%2Fwp%2Fv2%2Ftags&post=205461"}],"curies":[{"name":"wp","href":"https:\/\/api.w.org\/{rel}","templated":true}]}}