{"id":20552,"date":"2015-04-01T13:00:49","date_gmt":"2015-04-01T10:00:49","guid":{"rendered":"http:\/\/www.sana.sy\/es\/?p=20552"},"modified":"2015-04-01T18:03:00","modified_gmt":"2015-04-01T15:03:00","slug":"fuerzas-iraquies-continuan-ofensiva-contra-los-terroristas-del-ei","status":"publish","type":"post","link":"https:\/\/archive.sana.sy\/es\/?p=20552","title":{"rendered":"Fuerzas iraqu\u00edes contin\u00faan ofensiva contra los terroristas del EI"},"content":{"rendered":"<p><span style=\"color: #800000\">Bagdad, SANA<\/span><\/p>\n<p>En Irak, las fuerzas iraqu\u00edes lograron abrir la principal carretera entre Tikrit y Samarra tras controlar la ciudad de Tikrit y alzar la bandera iraqu\u00ed sobre la sede de la provincia de Salahuddin.<\/p>\n<p>Por otro lado, las fuerzas iraqu\u00edes repelieron un ataque de los terroristas del Estado Isl\u00e1mico al oeste de Samarra, infligiendo colosales bajas en las filas de dicha organizaci\u00f3n terrorista.<\/p>\n<p>En un contexto relacionado, las tropas iraqu\u00edes contin\u00faan sus preparativos para la pr\u00f3xima batalla en Ninawa, tras el anuncio del ministerio de Defensa de que la liberaci\u00f3n de la ciudad de Tikrit ser\u00e1 punto de partida para el inicio de la operaci\u00f3n de liberalizaci\u00f3n de Ninawa y el resto de la provincia de Anbar.<\/p>\n<p>Fady M., Lynn A.<\/p>\n","protected":false},"excerpt":{"rendered":"<p>Bagdad, SANA En Irak, las fuerzas iraqu\u00edes lograron abrir la principal carretera entre Tikrit y Samarra tras controlar la ciudad de Tikrit y alzar la bandera iraqu\u00ed sobre la sede de la provincia de Salahuddin. Por otro lado, las fuerzas iraqu\u00edes repelieron un ataque de los terroristas del Estado Isl\u00e1mico al oeste de Samarra, infligiendo &hellip;<\/p>\n","protected":false},"author":24,"featured_media":20413,"comment_status":"closed","ping_status":"closed","sticky":false,"template":"","format":"standard","meta":{"footnotes":""},"categories":[456,457],"tags":[4664],"class_list":["post-20552","post","type-post","status-publish","format-standard","has-post-thumbnail","","category-arabe-internacional-politica","category-noticias-arabe-internacional-politica","tag-fuerzas-iraquies-continuan-ofensiva-contra-los-terroristas-del-ei"],"_links":{"self":[{"href":"https:\/\/archive.sana.sy\/es\/index.php?rest_route=\/wp\/v2\/posts\/20552"}],"collection":[{"href":"https:\/\/archive.sana.sy\/es\/index.php?rest_route=\/wp\/v2\/posts"}],"about":[{"href":"https:\/\/archive.sana.sy\/es\/index.php?rest_route=\/wp\/v2\/types\/post"}],"author":[{"embeddable":true,"href":"https:\/\/archive.sana.sy\/es\/index.php?rest_route=\/wp\/v2\/users\/24"}],"replies":[{"embeddable":true,"href":"https:\/\/archive.sana.sy\/es\/index.php?rest_route=%2Fwp%2Fv2%2Fcomments&post=20552"}],"version-history":[{"count":0,"href":"https:\/\/archive.sana.sy\/es\/index.php?rest_route=\/wp\/v2\/posts\/20552\/revisions"}],"wp:featuredmedia":[{"embeddable":true,"href":"https:\/\/archive.sana.sy\/es\/index.php?rest_route=\/wp\/v2\/media\/20413"}],"wp:attachment":[{"href":"https:\/\/archive.sana.sy\/es\/index.php?rest_route=%2Fwp%2Fv2%2Fmedia&parent=20552"}],"wp:term":[{"taxonomy":"category","embeddable":true,"href":"https:\/\/archive.sana.sy\/es\/index.php?rest_route=%2Fwp%2Fv2%2Fcategories&post=20552"},{"taxonomy":"post_tag","embeddable":true,"href":"https:\/\/archive.sana.sy\/es\/index.php?rest_route=%2Fwp%2Fv2%2Ftags&post=20552"}],"curies":[{"name":"wp","href":"https:\/\/api.w.org\/{rel}","templated":true}]}}