{"id":20557,"date":"2015-04-01T18:01:54","date_gmt":"2015-04-01T15:01:54","guid":{"rendered":"http:\/\/www.sana.sy\/es\/?p=20557"},"modified":"2015-04-01T18:01:54","modified_gmt":"2015-04-01T15:01:54","slug":"ministerio-de-cultura-expresa-su-rotunda-condena-a-los-ataques-terroristas-contra-el-patrimonio-arqueologico-de-siria","status":"publish","type":"post","link":"https:\/\/archive.sana.sy\/es\/?p=20557","title":{"rendered":"Ministerio de Cultura expresa su rotunda condena a los ataques terroristas contra el patrimonio arqueol\u00f3gico de Siria"},"content":{"rendered":"<p><span style=\"color: #800000\">Damasco, SANA<\/span><\/p>\n<p>El Ministerio de Cultura denunci\u00f3 en\u00e9rgicamente los ataques terroristas contra el patrimonio arqueol\u00f3gico sirio, cargando a las organizaciones terroristas, los gobiernos de Turqu\u00eda, Arabia Saudita, Qatar, y las autoridades israel\u00edes la plena responsabilidad de estos cr\u00edmenes.<\/p>\n<p>En un comunicado emitido este mi\u00e9rcoles, el Ministerio de Cultura expres\u00f3 su suma preocupaci\u00f3n por las atrocidades perpetradas a manos de las organizaciones terroristas en Idleb, incluidos los actos de destrucci\u00f3n, saqueo y sabotaje de los vestigios arqueol\u00f3gicos sirios.<\/p>\n<p>El Ministerio exigi\u00f3 a la comunidad internacional y las organizaciones internacionales sobre todo la ONU su Consejo de Seguridad, asumir sus responsabilidades de rendir cuentas a los \u201cgobiernos fuera de la ley\u201d que est\u00e1n apoyando a los terroristas en sus actos contra el patrimonio humanitario y arqueol\u00f3gico de Siria.<\/p>\n<p>Al culminar su comunicado, el Ministerio de Cultura ratific\u00f3 su determinaci\u00f3n de rendir cuentas a las partes implicadas en la destrucci\u00f3n de la arqueolog\u00eda siria, y de recuperar todas las piezas saqueadas.<\/p>\n<p>Lynn A.<\/p>\n","protected":false},"excerpt":{"rendered":"<p>Damasco, SANA El Ministerio de Cultura denunci\u00f3 en\u00e9rgicamente los ataques terroristas contra el patrimonio arqueol\u00f3gico sirio, cargando a las organizaciones terroristas, los gobiernos de Turqu\u00eda, Arabia Saudita, Qatar, y las autoridades israel\u00edes la plena responsabilidad de estos cr\u00edmenes. En un comunicado emitido este mi\u00e9rcoles, el Ministerio de Cultura expres\u00f3 su suma preocupaci\u00f3n por las atrocidades &hellip;<\/p>\n","protected":false},"author":24,"featured_media":20558,"comment_status":"closed","ping_status":"closed","sticky":false,"template":"","format":"standard","meta":{"footnotes":""},"categories":[510,515],"tags":[4666],"class_list":["post-20557","post","type-post","status-publish","format-standard","has-post-thumbnail","","category-arte-y-cultura","category-noticias-arte-y-cultura","tag-ministerio-de-cultura-expresa-su-rotunda-condena-a-los-ataques-terroristas-contra-el-patrimonio-arqueologico-de-siria"],"_links":{"self":[{"href":"https:\/\/archive.sana.sy\/es\/index.php?rest_route=\/wp\/v2\/posts\/20557"}],"collection":[{"href":"https:\/\/archive.sana.sy\/es\/index.php?rest_route=\/wp\/v2\/posts"}],"about":[{"href":"https:\/\/archive.sana.sy\/es\/index.php?rest_route=\/wp\/v2\/types\/post"}],"author":[{"embeddable":true,"href":"https:\/\/archive.sana.sy\/es\/index.php?rest_route=\/wp\/v2\/users\/24"}],"replies":[{"embeddable":true,"href":"https:\/\/archive.sana.sy\/es\/index.php?rest_route=%2Fwp%2Fv2%2Fcomments&post=20557"}],"version-history":[{"count":0,"href":"https:\/\/archive.sana.sy\/es\/index.php?rest_route=\/wp\/v2\/posts\/20557\/revisions"}],"wp:featuredmedia":[{"embeddable":true,"href":"https:\/\/archive.sana.sy\/es\/index.php?rest_route=\/wp\/v2\/media\/20558"}],"wp:attachment":[{"href":"https:\/\/archive.sana.sy\/es\/index.php?rest_route=%2Fwp%2Fv2%2Fmedia&parent=20557"}],"wp:term":[{"taxonomy":"category","embeddable":true,"href":"https:\/\/archive.sana.sy\/es\/index.php?rest_route=%2Fwp%2Fv2%2Fcategories&post=20557"},{"taxonomy":"post_tag","embeddable":true,"href":"https:\/\/archive.sana.sy\/es\/index.php?rest_route=%2Fwp%2Fv2%2Ftags&post=20557"}],"curies":[{"name":"wp","href":"https:\/\/api.w.org\/{rel}","templated":true}]}}