{"id":205621,"date":"2021-11-16T13:13:42","date_gmt":"2021-11-16T11:13:42","guid":{"rendered":"http:\/\/107.6.182.27\/es\/?p=205621"},"modified":"2023-01-10T14:24:06","modified_gmt":"2023-01-10T12:24:06","slug":"union-de-productores-arabes-de-television-reafirma-apoyo-a-siria","status":"publish","type":"post","link":"https:\/\/archive.sana.sy\/es\/?p=205621","title":{"rendered":"Uni\u00f3n de Productores \u00c1rabes de Televisi\u00f3n reafirma apoyo a Siria"},"content":{"rendered":"<p style=\"text-align: justify;\"><span style=\"color: #800000;\"><strong>Damasco, 16 nov (SANA)<\/strong>\u00a0 \u00a0<\/span>La Uni\u00f3n General de Productores \u00c1rabes de Televisi\u00f3n, presidida por Ibrahim Abu Zekry, reafirm\u00f3 su apoyo a Siria y su pueblo y ej\u00e9rcito hasta superar la actual crisis y derrotar el complot destinado a dividir el pa\u00eds y desplazar su pueblo.<\/p>\n<p>En un comunicado, la Uni\u00f3n aclar\u00f3 que anteriormente hab\u00edan tomado la decisi\u00f3n de no estar de acuerdo con el boicot a Siria despu\u00e9s de la congelaci\u00f3n de su membres\u00eda en la Liga de Estados \u00c1rabes.<\/p>\n<p style=\"text-align: justify;\">Asimismo, destac\u00f3 que todos sus miembros en 18 pa\u00edses \u00e1rabes recibieron y siguen recibiendo delegaciones oficiales sirias a lo largo de los a\u00f1os de la crisis y la guerra.<\/p>\n<p style=\"text-align: justify;\">Concluy\u00f3 su comunicado con explicar que la Uni\u00f3n es una organizaci\u00f3n t\u00e9cnica que trabaja en beneficio del arte \u00e1rabe y del p\u00fablico \u00e1rabe, sin nada que ver con la pol\u00edtica y ser\u00eda un error utilizar su nombre en este sentido, ya que su principal principio en las relaciones con Siria es la preocupaci\u00f3n por su integridad territorial y la seguridad de su pueblo.<\/p>\n<p style=\"text-align: justify;\"><strong><span style=\"color: #0000ff;\">ed\/fm<\/span><\/strong><\/p>\n","protected":false},"excerpt":{"rendered":"<p>Damasco, 16 nov (SANA)\u00a0 \u00a0La Uni\u00f3n General de Productores \u00c1rabes de Televisi\u00f3n, presidida por Ibrahim Abu Zekry, reafirm\u00f3 su apoyo a Siria y su pueblo y ej\u00e9rcito hasta superar la actual crisis y derrotar el complot destinado a dividir el pa\u00eds y desplazar su pueblo. En un comunicado, la Uni\u00f3n aclar\u00f3 que anteriormente hab\u00edan tomado &hellip;<\/p>\n","protected":false},"author":32,"featured_media":205622,"comment_status":"closed","ping_status":"closed","sticky":false,"template":"","format":"standard","meta":{"footnotes":""},"categories":[477,447,597,476,7541],"tags":[7161,6553],"class_list":["post-205621","post","type-post","status-publish","format-standard","has-post-thumbnail","","category-noticias-edulcorantes","category-local-politica","category-cinta-de-noticias","category-locales","category-ultimas-noticias","tag-damasco","tag-siria"],"_links":{"self":[{"href":"https:\/\/archive.sana.sy\/es\/index.php?rest_route=\/wp\/v2\/posts\/205621"}],"collection":[{"href":"https:\/\/archive.sana.sy\/es\/index.php?rest_route=\/wp\/v2\/posts"}],"about":[{"href":"https:\/\/archive.sana.sy\/es\/index.php?rest_route=\/wp\/v2\/types\/post"}],"author":[{"embeddable":true,"href":"https:\/\/archive.sana.sy\/es\/index.php?rest_route=\/wp\/v2\/users\/32"}],"replies":[{"embeddable":true,"href":"https:\/\/archive.sana.sy\/es\/index.php?rest_route=%2Fwp%2Fv2%2Fcomments&post=205621"}],"version-history":[{"count":0,"href":"https:\/\/archive.sana.sy\/es\/index.php?rest_route=\/wp\/v2\/posts\/205621\/revisions"}],"wp:featuredmedia":[{"embeddable":true,"href":"https:\/\/archive.sana.sy\/es\/index.php?rest_route=\/wp\/v2\/media\/205622"}],"wp:attachment":[{"href":"https:\/\/archive.sana.sy\/es\/index.php?rest_route=%2Fwp%2Fv2%2Fmedia&parent=205621"}],"wp:term":[{"taxonomy":"category","embeddable":true,"href":"https:\/\/archive.sana.sy\/es\/index.php?rest_route=%2Fwp%2Fv2%2Fcategories&post=205621"},{"taxonomy":"post_tag","embeddable":true,"href":"https:\/\/archive.sana.sy\/es\/index.php?rest_route=%2Fwp%2Fv2%2Ftags&post=205621"}],"curies":[{"name":"wp","href":"https:\/\/api.w.org\/{rel}","templated":true}]}}