{"id":205684,"date":"2021-11-16T17:33:28","date_gmt":"2021-11-16T15:33:28","guid":{"rendered":"http:\/\/107.6.182.27\/es\/?p=205684"},"modified":"2023-01-10T15:13:33","modified_gmt":"2023-01-10T13:13:33","slug":"siria-y-rusia-abordan-cooperacion-en-materia-de-los-proyectos-de-desarrollo-pesquero-y-agricola","status":"publish","type":"post","link":"https:\/\/archive.sana.sy\/es\/?p=205684","title":{"rendered":"Siria y Rusia abordan cooperaci\u00f3n en materia de los proyectos de desarrollo pesquero y agr\u00edcola"},"content":{"rendered":"<p style=\"text-align: justify;\"><span style=\"color: #800000;\"><strong>Damasco, 16 nov (SANA)<\/strong><\/span> El Ministro de Agricultura y Reforma Agraria, Mohamed Hassan Qatna, debati\u00f3 hoy el martes con una delegaci\u00f3n del Centro Cient\u00edfico Nacional de la Academia Rusa de Ciencias Agr\u00edcolas las formas de cooperaci\u00f3n en el campo de la investigaci\u00f3n agr\u00edcola y los proyectos de desarrollo pesquero.<\/p>\n<p style=\"text-align: justify;\">El ministro destac\u00f3 la importancia de la cooperaci\u00f3n y el intercambio de experiencias con la parte rusa en tecnolog\u00edas modernas, e indic\u00f3 que Siria cuenta con grandes profesionales en materia de la investigaci\u00f3n agr\u00edcola.<\/p>\n<p style=\"text-align: justify;\">La delegaci\u00f3n rusa expres\u00f3 su disposici\u00f3n para transmitir la experiencia del centro ruso a la parte siria.<\/p>\n<p style=\"text-align: justify;\">Cabe mencionar que la reuni\u00f3n va en el marco de la reuni\u00f3n sirio-rusa sobre el retorno de los refugiados sirios que arranc\u00f3 hoy en la capital siria.<\/p>\n<p style=\"text-align: justify;\">la<\/p>\n","protected":false},"excerpt":{"rendered":"<p>Damasco, 16 nov (SANA) El Ministro de Agricultura y Reforma Agraria, Mohamed Hassan Qatna, debati\u00f3 hoy el martes con una delegaci\u00f3n del Centro Cient\u00edfico Nacional de la Academia Rusa de Ciencias Agr\u00edcolas las formas de cooperaci\u00f3n en el campo de la investigaci\u00f3n agr\u00edcola y los proyectos de desarrollo pesquero. El ministro destac\u00f3 la importancia de &hellip;<\/p>\n","protected":false},"author":24,"featured_media":205685,"comment_status":"closed","ping_status":"closed","sticky":false,"template":"","format":"standard","meta":{"footnotes":""},"categories":[597,16686,485,476,7541],"tags":[],"class_list":["post-205684","post","type-post","status-publish","format-standard","has-post-thumbnail","","category-cinta-de-noticias","category-economia","category-informes-negocios-y-finanzas","category-locales","category-ultimas-noticias"],"_links":{"self":[{"href":"https:\/\/archive.sana.sy\/es\/index.php?rest_route=\/wp\/v2\/posts\/205684"}],"collection":[{"href":"https:\/\/archive.sana.sy\/es\/index.php?rest_route=\/wp\/v2\/posts"}],"about":[{"href":"https:\/\/archive.sana.sy\/es\/index.php?rest_route=\/wp\/v2\/types\/post"}],"author":[{"embeddable":true,"href":"https:\/\/archive.sana.sy\/es\/index.php?rest_route=\/wp\/v2\/users\/24"}],"replies":[{"embeddable":true,"href":"https:\/\/archive.sana.sy\/es\/index.php?rest_route=%2Fwp%2Fv2%2Fcomments&post=205684"}],"version-history":[{"count":0,"href":"https:\/\/archive.sana.sy\/es\/index.php?rest_route=\/wp\/v2\/posts\/205684\/revisions"}],"wp:featuredmedia":[{"embeddable":true,"href":"https:\/\/archive.sana.sy\/es\/index.php?rest_route=\/wp\/v2\/media\/205685"}],"wp:attachment":[{"href":"https:\/\/archive.sana.sy\/es\/index.php?rest_route=%2Fwp%2Fv2%2Fmedia&parent=205684"}],"wp:term":[{"taxonomy":"category","embeddable":true,"href":"https:\/\/archive.sana.sy\/es\/index.php?rest_route=%2Fwp%2Fv2%2Fcategories&post=205684"},{"taxonomy":"post_tag","embeddable":true,"href":"https:\/\/archive.sana.sy\/es\/index.php?rest_route=%2Fwp%2Fv2%2Ftags&post=205684"}],"curies":[{"name":"wp","href":"https:\/\/api.w.org\/{rel}","templated":true}]}}