{"id":205688,"date":"2021-11-16T18:19:09","date_gmt":"2021-11-16T16:19:09","guid":{"rendered":"http:\/\/107.6.182.27\/es\/?p=205688"},"modified":"2023-01-10T14:24:05","modified_gmt":"2023-01-10T12:24:05","slug":"siria-y-rusia-firmaran-memorando-de-entendimiento-en-el-campo-de-informacion","status":"publish","type":"post","link":"https:\/\/archive.sana.sy\/es\/?p=205688","title":{"rendered":"Siria y Rusia firmar\u00e1n memorando de entendimiento en el campo de informaci\u00f3n"},"content":{"rendered":"<p style=\"text-align: justify\"><span style=\"color: #800000\"><strong>Damasco, 16 nov (SANA)<\/strong><\/span> El ministro adjunto de Informaci\u00f3n, Ahmad Dawa, discuti\u00f3 con la directora del Departamento de Informaci\u00f3n Exterior del Ministerio de Informaci\u00f3n de Rusia, Ekaterina Larina, las formas de mejorar la cooperaci\u00f3n en materia de periodismo y medios de comunicaci\u00f3n.<\/p>\n<p style=\"text-align: justify\">Durante el encuentro que se celebr\u00f3 hoy en el Palacio de Conferencias de Damasco al margen de la reuni\u00f3n sirio-rusa sobre los refugiados, Dawa se\u00f1al\u00f3 que el asedio econ\u00f3mico impuesto al pa\u00eds ha dificultado el acceso de las instituciones y medios de comunicaci\u00f3n nacionales a los equipos tecnol\u00f3gicos y t\u00e9cnico modernos.<\/p>\n<p style=\"text-align: justify\">En una declaraci\u00f3n concedida a la prensa, el ministro adjunto precis\u00f3 que ambas partes revisaron las v\u00edas de mejorar la cooperaci\u00f3n en materia de la informaci\u00f3n y formaci\u00f3n de los periodistas. Se\u00f1al\u00f3 que los medios sirios y rusos mantienen una cooperaci\u00f3n estrecha en materia de cubrir la guerra terrorista contra Siria y desenmascarar la campa\u00f1a medi\u00e1tica enga\u00f1osa.<\/p>\n<p style=\"text-align: justify\">A su vez, la representante rusa reiter\u00f3 la disposici\u00f3n de su entidad para firmar un memorando de entendimiento con Siria en el campo de informaci\u00f3n y el intercambio de experiencias.<\/p>\n<p style=\"text-align: justify\">la<\/p>\n","protected":false},"excerpt":{"rendered":"<p>Damasco, 16 nov (SANA) El ministro adjunto de Informaci\u00f3n, Ahmad Dawa, discuti\u00f3 con la directora del Departamento de Informaci\u00f3n Exterior del Ministerio de Informaci\u00f3n de Rusia, Ekaterina Larina, las formas de mejorar la cooperaci\u00f3n en materia de periodismo y medios de comunicaci\u00f3n. Durante el encuentro que se celebr\u00f3 hoy en el Palacio de Conferencias de &hellip;<\/p>\n","protected":false},"author":24,"featured_media":205689,"comment_status":"closed","ping_status":"closed","sticky":false,"template":"","format":"standard","meta":{"footnotes":""},"categories":[447,597,476,7541],"tags":[],"class_list":["post-205688","post","type-post","status-publish","format-standard","has-post-thumbnail","","category-local-politica","category-cinta-de-noticias","category-locales","category-ultimas-noticias"],"_links":{"self":[{"href":"https:\/\/archive.sana.sy\/es\/index.php?rest_route=\/wp\/v2\/posts\/205688"}],"collection":[{"href":"https:\/\/archive.sana.sy\/es\/index.php?rest_route=\/wp\/v2\/posts"}],"about":[{"href":"https:\/\/archive.sana.sy\/es\/index.php?rest_route=\/wp\/v2\/types\/post"}],"author":[{"embeddable":true,"href":"https:\/\/archive.sana.sy\/es\/index.php?rest_route=\/wp\/v2\/users\/24"}],"replies":[{"embeddable":true,"href":"https:\/\/archive.sana.sy\/es\/index.php?rest_route=%2Fwp%2Fv2%2Fcomments&post=205688"}],"version-history":[{"count":0,"href":"https:\/\/archive.sana.sy\/es\/index.php?rest_route=\/wp\/v2\/posts\/205688\/revisions"}],"wp:featuredmedia":[{"embeddable":true,"href":"https:\/\/archive.sana.sy\/es\/index.php?rest_route=\/wp\/v2\/media\/205689"}],"wp:attachment":[{"href":"https:\/\/archive.sana.sy\/es\/index.php?rest_route=%2Fwp%2Fv2%2Fmedia&parent=205688"}],"wp:term":[{"taxonomy":"category","embeddable":true,"href":"https:\/\/archive.sana.sy\/es\/index.php?rest_route=%2Fwp%2Fv2%2Fcategories&post=205688"},{"taxonomy":"post_tag","embeddable":true,"href":"https:\/\/archive.sana.sy\/es\/index.php?rest_route=%2Fwp%2Fv2%2Ftags&post=205688"}],"curies":[{"name":"wp","href":"https:\/\/api.w.org\/{rel}","templated":true}]}}