{"id":205723,"date":"2021-11-16T20:46:43","date_gmt":"2021-11-16T18:46:43","guid":{"rendered":"http:\/\/107.6.182.27\/es\/?p=205723"},"modified":"2023-01-10T14:24:04","modified_gmt":"2023-01-10T12:24:04","slug":"rusia-ayudara-a-modernizar-sector-ferroviario-en-siria","status":"publish","type":"post","link":"https:\/\/archive.sana.sy\/es\/?p=205723","title":{"rendered":"Rusia ayudar\u00e1 a activar sector ferroviario en Siria"},"content":{"rendered":"<p style=\"text-align: justify\"><span style=\"color: #800000\"><strong>Damasco, 16 nov (SANA)<\/strong> <\/span>El Ministro de Transporte, Zuhair Khazym, revis\u00f3 con una delegaci\u00f3n rusa de la Compa\u00f1\u00eda de Ferrocarriles Estatales de Rusia, las formas de activar la cooperaci\u00f3n en el sector ferroviario.<\/p>\n<p style=\"text-align: justify\">Tambi\u00e9n fueron abordados aspectos de cooperaci\u00f3n en materia del mantenimiento y la reparaci\u00f3n de las v\u00edas f\u00e9rreas, la modernizaci\u00f3n del sistema ferroviario, el intercambio de experiencias y la posibilidad de aplicar esta cooperaci\u00f3n en la reactivaci\u00f3n de los ferrocarriles en Siria.<\/p>\n<p style=\"text-align: justify\">El ministro Khazym hizo una presentaci\u00f3n sobre las dificultades que enfrentan este sector en Siria, a consecuencia de que el 80 por ciento de la red saliera del servicio tras la guerra terrorista y los robos practicados por la milicia separatista FDS y las fuerzas ocupantes del r\u00e9gimen turco.<\/p>\n<p style=\"text-align: justify\">Es de se\u00f1alar que el encuentro se celebr\u00f3 al margen de la reuni\u00f3n sirio-rusa sobre el retorno de los refugiados que arranc\u00f3 este martes en Damasco.<\/p>\n<p style=\"text-align: justify\">la<\/p>\n","protected":false},"excerpt":{"rendered":"<p>Damasco, 16 nov (SANA) El Ministro de Transporte, Zuhair Khazym, revis\u00f3 con una delegaci\u00f3n rusa de la Compa\u00f1\u00eda de Ferrocarriles Estatales de Rusia, las formas de activar la cooperaci\u00f3n en el sector ferroviario. Tambi\u00e9n fueron abordados aspectos de cooperaci\u00f3n en materia del mantenimiento y la reparaci\u00f3n de las v\u00edas f\u00e9rreas, la modernizaci\u00f3n del sistema ferroviario, &hellip;<\/p>\n","protected":false},"author":24,"featured_media":205724,"comment_status":"closed","ping_status":"closed","sticky":false,"template":"","format":"standard","meta":{"footnotes":""},"categories":[447,597,476,467,7541],"tags":[],"class_list":["post-205723","post","type-post","status-publish","format-standard","has-post-thumbnail","","category-local-politica","category-cinta-de-noticias","category-locales","category-siria-y-el-mundo","category-ultimas-noticias"],"_links":{"self":[{"href":"https:\/\/archive.sana.sy\/es\/index.php?rest_route=\/wp\/v2\/posts\/205723"}],"collection":[{"href":"https:\/\/archive.sana.sy\/es\/index.php?rest_route=\/wp\/v2\/posts"}],"about":[{"href":"https:\/\/archive.sana.sy\/es\/index.php?rest_route=\/wp\/v2\/types\/post"}],"author":[{"embeddable":true,"href":"https:\/\/archive.sana.sy\/es\/index.php?rest_route=\/wp\/v2\/users\/24"}],"replies":[{"embeddable":true,"href":"https:\/\/archive.sana.sy\/es\/index.php?rest_route=%2Fwp%2Fv2%2Fcomments&post=205723"}],"version-history":[{"count":0,"href":"https:\/\/archive.sana.sy\/es\/index.php?rest_route=\/wp\/v2\/posts\/205723\/revisions"}],"wp:featuredmedia":[{"embeddable":true,"href":"https:\/\/archive.sana.sy\/es\/index.php?rest_route=\/wp\/v2\/media\/205724"}],"wp:attachment":[{"href":"https:\/\/archive.sana.sy\/es\/index.php?rest_route=%2Fwp%2Fv2%2Fmedia&parent=205723"}],"wp:term":[{"taxonomy":"category","embeddable":true,"href":"https:\/\/archive.sana.sy\/es\/index.php?rest_route=%2Fwp%2Fv2%2Fcategories&post=205723"},{"taxonomy":"post_tag","embeddable":true,"href":"https:\/\/archive.sana.sy\/es\/index.php?rest_route=%2Fwp%2Fv2%2Ftags&post=205723"}],"curies":[{"name":"wp","href":"https:\/\/api.w.org\/{rel}","templated":true}]}}