{"id":205727,"date":"2021-11-16T21:01:22","date_gmt":"2021-11-16T19:01:22","guid":{"rendered":"http:\/\/107.6.182.27\/es\/?p=205727"},"modified":"2023-01-12T14:39:50","modified_gmt":"2023-01-12T12:39:50","slug":"presidentes-de-rusia-e-iran-analizan-temas-de-cooperacion-bilateral","status":"publish","type":"post","link":"https:\/\/archive.sana.sy\/es\/?p=205727","title":{"rendered":"Presidentes de Rusia e Ir\u00e1n analizan temas de cooperaci\u00f3n bilateral"},"content":{"rendered":"<p style=\"text-align: justify;\"><strong><span style=\"color: #800000;\">Mosc\u00fa, 16 nov (SANA)<\/span> <\/strong>Los presidentes de Rusia, Vladimir Putin, y de Ir\u00e1n, Ebrahim Raisi, analizaron hoy la situaci\u00f3n en torno a la reanudaci\u00f3n del Plan de Acci\u00f3n Integral Conjunto (PAIC) sobre el programa nuclear de Teher\u00e1n.<\/p>\n<p style=\"text-align: justify;\">Durante una conversaci\u00f3n telef\u00f3nica este martes, los mandatarios coincidieron en la importancia de su implementaci\u00f3n inmediata dentro del marco inicialmente acordado, indic\u00f3 el Kremlin.<\/p>\n<p style=\"text-align: justify;\">Los jefes de Estado revisaron los principales temas de la cooperaci\u00f3n bilateral, incluida la ejecuci\u00f3n de importantes proyectos de inversi\u00f3n conjunta, as\u00ed como la interacci\u00f3n en el enfrentamiento a la pandemia de Covid-19.<\/p>\n<p style=\"text-align: justify;\">Seg\u00fan el comunicado, las partes discutieron a fondo asuntos de actualidad de la agenda internacional, entre ellos el apoyo al Gobierno de Siria en su lucha por eliminar los focos de terrorismo.<\/p>\n<p style=\"text-align: justify;\">Putin y Raisi reiteraron la disposici\u00f3n de sus pa\u00edses de ayudar al establecimiento de la paz y la estabilidad en Afganist\u00e1n, a la vez que Mosc\u00fa anunci\u00f3 la entrega prevista de asistencia humanitaria rusa a Kabul en un futuro pr\u00f3ximo.<\/p>\n<p style=\"text-align: justify;\">\n<em>mm<\/em><\/p>\n","protected":false},"excerpt":{"rendered":"<p>Mosc\u00fa, 16 nov (SANA) Los presidentes de Rusia, Vladimir Putin, y de Ir\u00e1n, Ebrahim Raisi, analizaron hoy la situaci\u00f3n en torno a la reanudaci\u00f3n del Plan de Acci\u00f3n Integral Conjunto (PAIC) sobre el programa nuclear de Teher\u00e1n. Durante una conversaci\u00f3n telef\u00f3nica este martes, los mandatarios coincidieron en la importancia de su implementaci\u00f3n inmediata dentro del &hellip;<\/p>\n","protected":false},"author":36,"featured_media":205728,"comment_status":"closed","ping_status":"closed","sticky":false,"template":"","format":"standard","meta":{"footnotes":""},"categories":[597,456,457],"tags":[6695],"class_list":["post-205727","post","type-post","status-publish","format-standard","has-post-thumbnail","","category-cinta-de-noticias","category-arabe-internacional-politica","category-noticias-arabe-internacional-politica","tag-rusia"],"_links":{"self":[{"href":"https:\/\/archive.sana.sy\/es\/index.php?rest_route=\/wp\/v2\/posts\/205727"}],"collection":[{"href":"https:\/\/archive.sana.sy\/es\/index.php?rest_route=\/wp\/v2\/posts"}],"about":[{"href":"https:\/\/archive.sana.sy\/es\/index.php?rest_route=\/wp\/v2\/types\/post"}],"author":[{"embeddable":true,"href":"https:\/\/archive.sana.sy\/es\/index.php?rest_route=\/wp\/v2\/users\/36"}],"replies":[{"embeddable":true,"href":"https:\/\/archive.sana.sy\/es\/index.php?rest_route=%2Fwp%2Fv2%2Fcomments&post=205727"}],"version-history":[{"count":0,"href":"https:\/\/archive.sana.sy\/es\/index.php?rest_route=\/wp\/v2\/posts\/205727\/revisions"}],"wp:featuredmedia":[{"embeddable":true,"href":"https:\/\/archive.sana.sy\/es\/index.php?rest_route=\/wp\/v2\/media\/205728"}],"wp:attachment":[{"href":"https:\/\/archive.sana.sy\/es\/index.php?rest_route=%2Fwp%2Fv2%2Fmedia&parent=205727"}],"wp:term":[{"taxonomy":"category","embeddable":true,"href":"https:\/\/archive.sana.sy\/es\/index.php?rest_route=%2Fwp%2Fv2%2Fcategories&post=205727"},{"taxonomy":"post_tag","embeddable":true,"href":"https:\/\/archive.sana.sy\/es\/index.php?rest_route=%2Fwp%2Fv2%2Ftags&post=205727"}],"curies":[{"name":"wp","href":"https:\/\/api.w.org\/{rel}","templated":true}]}}