{"id":205730,"date":"2021-11-16T21:45:23","date_gmt":"2021-11-16T19:45:23","guid":{"rendered":"http:\/\/107.6.182.27\/es\/?p=205730"},"modified":"2021-11-16T21:45:23","modified_gmt":"2021-11-16T19:45:23","slug":"alto-cargo-de-las-llamadas-fds-se-entrega-al-ejercito-sirio","status":"publish","type":"post","link":"https:\/\/archive.sana.sy\/es\/?p=205730","title":{"rendered":"Alto cargo de las llamadas FDS se entrega al ej\u00e9rcito sirio"},"content":{"rendered":"<p style=\"text-align: justify;\"><strong><span style=\"color: #800000;\">Deir Ezzor, 16 nov (SANA)<\/span><\/strong> Por tercer d\u00eda consecutivo contin\u00faa el proceso de reconciliaci\u00f3n general que arranc\u00f3 el \u00faltimo domingo en la provincia oriental siria de Deir Ezzor.<\/p>\n<p style=\"text-align: justify;\">En este sentido, un alto cargo de las llamadas Fuerzas Democr\u00e1ticas Sirias (FDS) se entreg\u00f3 al ej\u00e9rcito sirio, y se incorpor\u00f3 al proceso de reconciliaci\u00f3n.<\/p>\n<p style=\"text-align: justify;\">En declaraciones al corresponsal de SANA, el Sheikh Khalaf Al-Assaad, quien era el jefe del llamado Consejo Legislativo de las \u201cFDS&#8221; en Deir Ezzor, y decidi\u00f3 incorporase a tal proceso, dijo: \u201cVinimos hoy para aprovechar la reconciliaci\u00f3n lanzada por el Estado\u201d.<\/p>\n<p style=\"text-align: justify;\">Se\u00f1al\u00f3 que la alta concurrencia al centro de reconciliaci\u00f3n es una clara confirmaci\u00f3n del deseo de muchos de los habitantes de la regi\u00f3n de al-Jazira de normalizar su estatus jur\u00eddico.<\/p>\n<p style=\"text-align: justify;\">Asimismo, hizo un llamado a todo el pueblo de Siria, incluso en las \u00e1reas controladas por grupos terroristas y separatistas vinculados a los ocupantes estadounidense o turco, a sumarse a la reconciliaci\u00f3n y apegarse a la identidad, unidad y soberan\u00eda de siria.<\/p>\n<p><em>mm\/fm<\/em><\/p>\n","protected":false},"excerpt":{"rendered":"<p>Deir Ezzor, 16 nov (SANA) Por tercer d\u00eda consecutivo contin\u00faa el proceso de reconciliaci\u00f3n general que arranc\u00f3 el \u00faltimo domingo en la provincia oriental siria de Deir Ezzor. En este sentido, un alto cargo de las llamadas Fuerzas Democr\u00e1ticas Sirias (FDS) se entreg\u00f3 al ej\u00e9rcito sirio, y se incorpor\u00f3 al proceso de reconciliaci\u00f3n. En declaraciones &hellip;<\/p>\n","protected":false},"author":36,"featured_media":205731,"comment_status":"closed","ping_status":"closed","sticky":false,"template":"","format":"standard","meta":{"footnotes":""},"categories":[597,476,7541],"tags":[10402],"class_list":["post-205730","post","type-post","status-publish","format-standard","has-post-thumbnail","","category-cinta-de-noticias","category-locales","category-ultimas-noticias","tag-deir-ezzor"],"_links":{"self":[{"href":"https:\/\/archive.sana.sy\/es\/index.php?rest_route=\/wp\/v2\/posts\/205730"}],"collection":[{"href":"https:\/\/archive.sana.sy\/es\/index.php?rest_route=\/wp\/v2\/posts"}],"about":[{"href":"https:\/\/archive.sana.sy\/es\/index.php?rest_route=\/wp\/v2\/types\/post"}],"author":[{"embeddable":true,"href":"https:\/\/archive.sana.sy\/es\/index.php?rest_route=\/wp\/v2\/users\/36"}],"replies":[{"embeddable":true,"href":"https:\/\/archive.sana.sy\/es\/index.php?rest_route=%2Fwp%2Fv2%2Fcomments&post=205730"}],"version-history":[{"count":0,"href":"https:\/\/archive.sana.sy\/es\/index.php?rest_route=\/wp\/v2\/posts\/205730\/revisions"}],"wp:featuredmedia":[{"embeddable":true,"href":"https:\/\/archive.sana.sy\/es\/index.php?rest_route=\/wp\/v2\/media\/205731"}],"wp:attachment":[{"href":"https:\/\/archive.sana.sy\/es\/index.php?rest_route=%2Fwp%2Fv2%2Fmedia&parent=205730"}],"wp:term":[{"taxonomy":"category","embeddable":true,"href":"https:\/\/archive.sana.sy\/es\/index.php?rest_route=%2Fwp%2Fv2%2Fcategories&post=205730"},{"taxonomy":"post_tag","embeddable":true,"href":"https:\/\/archive.sana.sy\/es\/index.php?rest_route=%2Fwp%2Fv2%2Ftags&post=205730"}],"curies":[{"name":"wp","href":"https:\/\/api.w.org\/{rel}","templated":true}]}}