{"id":205733,"date":"2021-11-16T21:55:36","date_gmt":"2021-11-16T19:55:36","guid":{"rendered":"http:\/\/107.6.182.27\/es\/?p=205733"},"modified":"2023-01-10T15:13:33","modified_gmt":"2023-01-10T13:13:33","slug":"cierran-acuerdo-de-cooperacion-sirio-emirati-para-activar-el-intercambio-comercial","status":"publish","type":"post","link":"https:\/\/archive.sana.sy\/es\/?p=205733","title":{"rendered":"Cierran acuerdo de cooperaci\u00f3n sirio-emirat\u00ed para activar el intercambio comercial"},"content":{"rendered":"<p style=\"text-align: justify;\"><span style=\"color: #800000;\"><strong>Dubai, 16 nov (SANA)<\/strong><\/span> El Consejo Empresarial Sirio-Emirat\u00ed y la C\u00e1mara Emirat\u00ed de Comercio e Industria Umm Al Quwain firmaron un acuerdo para activar la cooperaci\u00f3n entre las dos partes y apoyar el intercambio comercial y las relaciones econ\u00f3micas entre las comunidades empresariales en Siria y los Emiratos \u00c1rabes Unidos.<\/p>\n<p style=\"text-align: justify;\">El acuerdo, que se firm\u00f3 hoy en el pabell\u00f3n sirio participante en la feria &#8220;Expo 2020 Dubai&#8221;, prev\u00e9 el desarrollo de la cooperaci\u00f3n comercial, industrial, agr\u00edcola y urbana entre las dos partes a fin de desarrollar el esp\u00edritu empresarial con un enfoque en el desarrollo sostenible, inmobiliario y energ\u00eda renovable.<\/p>\n<p style=\"text-align: justify;\">El acuerdo fue firmado por Muhammad Ghazwan Al-Masry, presidente del Consejo Empresarial Sirio-Emirat\u00ed, y Khalfan Ahmed Misfer, presidente de la C\u00e1mara de Comercio e Industria de Umm Al Quwain, en presencia del Dr. Ghassan Abbas, embajador de Siria ante el Emiratos \u00c1rabes Unidos, y comisionado general del Pabell\u00f3n de Siria en la Expo 2020 de Dub\u00e1i, y el director del pabell\u00f3n sirio Khaled Al-Shama`a.<\/p>\n<p style=\"text-align: justify;\">La firma de este acuerdo se produce al margen de la participaci\u00f3n de Siria en la feria &#8220;Expo Dubai 2020&#8221; y despu\u00e9s de las visitas de intercambio oficiales entre las partes siria y emirat\u00ed desde el lanzamiento de la exposici\u00f3n a principios del mes pasado.<\/p>\n<p><em>mm<\/em><\/p>\n","protected":false},"excerpt":{"rendered":"<p>Dubai, 16 nov (SANA) El Consejo Empresarial Sirio-Emirat\u00ed y la C\u00e1mara Emirat\u00ed de Comercio e Industria Umm Al Quwain firmaron un acuerdo para activar la cooperaci\u00f3n entre las dos partes y apoyar el intercambio comercial y las relaciones econ\u00f3micas entre las comunidades empresariales en Siria y los Emiratos \u00c1rabes Unidos. El acuerdo, que se firm\u00f3 &hellip;<\/p>\n","protected":false},"author":36,"featured_media":205734,"comment_status":"closed","ping_status":"closed","sticky":false,"template":"","format":"standard","meta":{"footnotes":""},"categories":[597,16686,485,7541],"tags":[20247],"class_list":["post-205733","post","type-post","status-publish","format-standard","has-post-thumbnail","","category-cinta-de-noticias","category-economia","category-informes-negocios-y-finanzas","category-ultimas-noticias","tag-emiratos-arabes-unidos"],"_links":{"self":[{"href":"https:\/\/archive.sana.sy\/es\/index.php?rest_route=\/wp\/v2\/posts\/205733"}],"collection":[{"href":"https:\/\/archive.sana.sy\/es\/index.php?rest_route=\/wp\/v2\/posts"}],"about":[{"href":"https:\/\/archive.sana.sy\/es\/index.php?rest_route=\/wp\/v2\/types\/post"}],"author":[{"embeddable":true,"href":"https:\/\/archive.sana.sy\/es\/index.php?rest_route=\/wp\/v2\/users\/36"}],"replies":[{"embeddable":true,"href":"https:\/\/archive.sana.sy\/es\/index.php?rest_route=%2Fwp%2Fv2%2Fcomments&post=205733"}],"version-history":[{"count":0,"href":"https:\/\/archive.sana.sy\/es\/index.php?rest_route=\/wp\/v2\/posts\/205733\/revisions"}],"wp:featuredmedia":[{"embeddable":true,"href":"https:\/\/archive.sana.sy\/es\/index.php?rest_route=\/wp\/v2\/media\/205734"}],"wp:attachment":[{"href":"https:\/\/archive.sana.sy\/es\/index.php?rest_route=%2Fwp%2Fv2%2Fmedia&parent=205733"}],"wp:term":[{"taxonomy":"category","embeddable":true,"href":"https:\/\/archive.sana.sy\/es\/index.php?rest_route=%2Fwp%2Fv2%2Fcategories&post=205733"},{"taxonomy":"post_tag","embeddable":true,"href":"https:\/\/archive.sana.sy\/es\/index.php?rest_route=%2Fwp%2Fv2%2Ftags&post=205733"}],"curies":[{"name":"wp","href":"https:\/\/api.w.org\/{rel}","templated":true}]}}