{"id":205744,"date":"2021-11-17T06:26:27","date_gmt":"2021-11-17T04:26:27","guid":{"rendered":"http:\/\/107.6.182.27\/es\/?p=205744"},"modified":"2023-01-10T14:24:03","modified_gmt":"2023-01-10T12:24:03","slug":"agresion-israeli-contra-edificio-deshabilitado-al-sur-de-damasco","status":"publish","type":"post","link":"https:\/\/archive.sana.sy\/es\/?p=205744","title":{"rendered":"Agresi\u00f3n israel\u00ed contra edificio deshabilitado al sur de Damasco"},"content":{"rendered":"<p style=\"text-align: justify;\"><span style=\"color: #800000;\"><strong>Damasco, 17 nov (SANA)\u00a0<\/strong><\/span> \u00a0\u00a0El enemigo israel\u00ed perpetr\u00f3 en la primera hora de hoy mi\u00e9rcoles, una agresi\u00f3n contra un edificio deshabitado al sur de la capital Damasco.<\/p>\n<p style=\"text-align: justify;\">Alrededor de las 12:45 am (hora local) de este mi\u00e9rcoles, el enemigo israel\u00ed lanz\u00f3 una agresi\u00f3n con dos misiles desde el Gol\u00e1n sirio ocupado, contra un edificio vac\u00edo al sur de Damasco, informaron fuentes a SANA.<\/p>\n<p style=\"text-align: justify;\">Agregaron que uno de los misiles fue derribado y no se reportaron p\u00e9rdidas.<\/p>\n<p style=\"text-align: justify;\">fm<\/p>\n","protected":false},"excerpt":{"rendered":"<p>Damasco, 17 nov (SANA)\u00a0 \u00a0\u00a0El enemigo israel\u00ed perpetr\u00f3 en la primera hora de hoy mi\u00e9rcoles, una agresi\u00f3n contra un edificio deshabitado al sur de la capital Damasco. Alrededor de las 12:45 am (hora local) de este mi\u00e9rcoles, el enemigo israel\u00ed lanz\u00f3 una agresi\u00f3n con dos misiles desde el Gol\u00e1n sirio ocupado, contra un edificio vac\u00edo &hellip;<\/p>\n","protected":false},"author":34,"featured_media":205745,"comment_status":"closed","ping_status":"closed","sticky":false,"template":"","format":"standard","meta":{"footnotes":""},"categories":[447,477,597,573,476,457,583],"tags":[],"class_list":["post-205744","post","type-post","status-publish","format-standard","has-post-thumbnail","","category-local-politica","category-noticias-edulcorantes","category-cinta-de-noticias","category-la-realidad-de-los-acontecimientos-en-siria","category-locales","category-noticias-arabe-internacional-politica","category-slide"],"_links":{"self":[{"href":"https:\/\/archive.sana.sy\/es\/index.php?rest_route=\/wp\/v2\/posts\/205744"}],"collection":[{"href":"https:\/\/archive.sana.sy\/es\/index.php?rest_route=\/wp\/v2\/posts"}],"about":[{"href":"https:\/\/archive.sana.sy\/es\/index.php?rest_route=\/wp\/v2\/types\/post"}],"author":[{"embeddable":true,"href":"https:\/\/archive.sana.sy\/es\/index.php?rest_route=\/wp\/v2\/users\/34"}],"replies":[{"embeddable":true,"href":"https:\/\/archive.sana.sy\/es\/index.php?rest_route=%2Fwp%2Fv2%2Fcomments&post=205744"}],"version-history":[{"count":0,"href":"https:\/\/archive.sana.sy\/es\/index.php?rest_route=\/wp\/v2\/posts\/205744\/revisions"}],"wp:featuredmedia":[{"embeddable":true,"href":"https:\/\/archive.sana.sy\/es\/index.php?rest_route=\/wp\/v2\/media\/205745"}],"wp:attachment":[{"href":"https:\/\/archive.sana.sy\/es\/index.php?rest_route=%2Fwp%2Fv2%2Fmedia&parent=205744"}],"wp:term":[{"taxonomy":"category","embeddable":true,"href":"https:\/\/archive.sana.sy\/es\/index.php?rest_route=%2Fwp%2Fv2%2Fcategories&post=205744"},{"taxonomy":"post_tag","embeddable":true,"href":"https:\/\/archive.sana.sy\/es\/index.php?rest_route=%2Fwp%2Fv2%2Ftags&post=205744"}],"curies":[{"name":"wp","href":"https:\/\/api.w.org\/{rel}","templated":true}]}}