{"id":205747,"date":"2021-11-17T06:31:40","date_gmt":"2021-11-17T04:31:40","guid":{"rendered":"http:\/\/107.6.182.27\/es\/?p=205747"},"modified":"2023-01-10T14:24:03","modified_gmt":"2023-01-10T12:24:03","slug":"confirman-143-nuevos-casos-positivos-a-la-covid-19-en-siria","status":"publish","type":"post","link":"https:\/\/archive.sana.sy\/es\/?p=205747","title":{"rendered":"Confirman 143 nuevos casos positivos a la Covid-19 en Siria"},"content":{"rendered":"<p style=\"text-align: justify;\"><span style=\"color: #800000;\"><strong>Damasco, 17 nov (SANA)<\/strong> <\/span>El Ministerio de Salud confirm\u00f3 hoy 143 nuevos casos y cinco decesos por la Covid-19.<\/p>\n<p style=\"text-align: justify;\">\u201cEl total de infectados en el pa\u00eds aument\u00f3 a 46 mil 564 mientras los decesos se elev\u00f3 2,677\u201d, precis\u00f3 el parte diario del ente.<\/p>\n<p style=\"text-align: justify;\">Asimismo, el total de recuperados se elev\u00f3 a 27 mil 867.<\/p>\n<p style=\"text-align: justify;\">Siria enfrenta esta pandemia en medio de un bloqueo injusto asfixiante impuesto por EEUU y algunos pa\u00edses de la UE, lo cual dificulta las capacidades del pa\u00eds de enfrentar esta pandemia.<\/p>\n<p style=\"text-align: justify;\">fm<\/p>\n","protected":false},"excerpt":{"rendered":"<p>Damasco, 17 nov (SANA) El Ministerio de Salud confirm\u00f3 hoy 143 nuevos casos y cinco decesos por la Covid-19. \u201cEl total de infectados en el pa\u00eds aument\u00f3 a 46 mil 564 mientras los decesos se elev\u00f3 2,677\u201d, precis\u00f3 el parte diario del ente. Asimismo, el total de recuperados se elev\u00f3 a 27 mil 867. Siria &hellip;<\/p>\n","protected":false},"author":34,"featured_media":205748,"comment_status":"closed","ping_status":"closed","sticky":false,"template":"","format":"standard","meta":{"footnotes":""},"categories":[477,447,597,573,476,457,7541],"tags":[],"class_list":["post-205747","post","type-post","status-publish","format-standard","has-post-thumbnail","","category-noticias-edulcorantes","category-local-politica","category-cinta-de-noticias","category-la-realidad-de-los-acontecimientos-en-siria","category-locales","category-noticias-arabe-internacional-politica","category-ultimas-noticias"],"_links":{"self":[{"href":"https:\/\/archive.sana.sy\/es\/index.php?rest_route=\/wp\/v2\/posts\/205747"}],"collection":[{"href":"https:\/\/archive.sana.sy\/es\/index.php?rest_route=\/wp\/v2\/posts"}],"about":[{"href":"https:\/\/archive.sana.sy\/es\/index.php?rest_route=\/wp\/v2\/types\/post"}],"author":[{"embeddable":true,"href":"https:\/\/archive.sana.sy\/es\/index.php?rest_route=\/wp\/v2\/users\/34"}],"replies":[{"embeddable":true,"href":"https:\/\/archive.sana.sy\/es\/index.php?rest_route=%2Fwp%2Fv2%2Fcomments&post=205747"}],"version-history":[{"count":0,"href":"https:\/\/archive.sana.sy\/es\/index.php?rest_route=\/wp\/v2\/posts\/205747\/revisions"}],"wp:featuredmedia":[{"embeddable":true,"href":"https:\/\/archive.sana.sy\/es\/index.php?rest_route=\/wp\/v2\/media\/205748"}],"wp:attachment":[{"href":"https:\/\/archive.sana.sy\/es\/index.php?rest_route=%2Fwp%2Fv2%2Fmedia&parent=205747"}],"wp:term":[{"taxonomy":"category","embeddable":true,"href":"https:\/\/archive.sana.sy\/es\/index.php?rest_route=%2Fwp%2Fv2%2Fcategories&post=205747"},{"taxonomy":"post_tag","embeddable":true,"href":"https:\/\/archive.sana.sy\/es\/index.php?rest_route=%2Fwp%2Fv2%2Ftags&post=205747"}],"curies":[{"name":"wp","href":"https:\/\/api.w.org\/{rel}","templated":true}]}}