{"id":205767,"date":"2021-11-17T10:49:55","date_gmt":"2021-11-17T08:49:55","guid":{"rendered":"http:\/\/107.6.182.27\/es\/?p=205767"},"modified":"2023-01-10T15:13:32","modified_gmt":"2023-01-10T13:13:32","slug":"siria-e-iraq-buscan-impulsar-sus-relaciones-en-campo-de-industria-e-inversion","status":"publish","type":"post","link":"https:\/\/archive.sana.sy\/es\/?p=205767","title":{"rendered":"Siria e Iraq buscan impulsar sus relaciones en campo de industria e inversi\u00f3n"},"content":{"rendered":"<p style=\"text-align: justify;\"><span style=\"color: #800000;\"><strong>Bagdad, 17 nov (SANA)<\/strong><\/span>\u00a0 El embajador sirio en Irak, Sattam Jadaan Al-Dandah, se reuni\u00f3 con el jefe de la Federaci\u00f3n Iraqu\u00ed de Industrias, Adel Akab, con quien examin\u00f3 las v\u00edas para desarrollar las relaciones bilaterales entre los dos pa\u00edses en los campos industrial y de inversi\u00f3n.<\/p>\n<p style=\"text-align: justify;\">La reuni\u00f3n fue sostenida en la capital iraqu\u00ed, Bagdad y ambos partes coincidieron en la necesidad de elevar las relaciones entre los dos pa\u00edses a niveles superiores.<\/p>\n<p style=\"text-align: justify;\">El embajador al-Dandah dijo a la corresponsal de SANA, que se trat\u00f3 la nueva ley de inversiones en Siria y los proyectos de inversi\u00f3n industrial en los dos pa\u00edses.<\/p>\n<p style=\"text-align: justify;\">Es posible celebrar una conferencia de industriales iraqu\u00edes en Damasco para mejorar la cooperaci\u00f3n econ\u00f3mica y establecer proyectos industriales integrados, revel\u00f3 el diplom\u00e1tico.<\/p>\n<p style=\"text-align: justify;\"><strong><span style=\"color: #0000ff;\">ws\/fm<\/span><\/strong><\/p>\n","protected":false},"excerpt":{"rendered":"<p>Bagdad, 17 nov (SANA)\u00a0 El embajador sirio en Irak, Sattam Jadaan Al-Dandah, se reuni\u00f3 con el jefe de la Federaci\u00f3n Iraqu\u00ed de Industrias, Adel Akab, con quien examin\u00f3 las v\u00edas para desarrollar las relaciones bilaterales entre los dos pa\u00edses en los campos industrial y de inversi\u00f3n. La reuni\u00f3n fue sostenida en la capital iraqu\u00ed, Bagdad &hellip;<\/p>\n","protected":false},"author":35,"featured_media":205768,"comment_status":"closed","ping_status":"closed","sticky":false,"template":"","format":"standard","meta":{"footnotes":""},"categories":[477,447,597,16686,485,467,7541],"tags":[5835,1347,6553],"class_list":["post-205767","post","type-post","status-publish","format-standard","has-post-thumbnail","","category-noticias-edulcorantes","category-local-politica","category-cinta-de-noticias","category-economia","category-informes-negocios-y-finanzas","category-siria-y-el-mundo","category-ultimas-noticias","tag-iraq","tag-sana","tag-siria"],"_links":{"self":[{"href":"https:\/\/archive.sana.sy\/es\/index.php?rest_route=\/wp\/v2\/posts\/205767"}],"collection":[{"href":"https:\/\/archive.sana.sy\/es\/index.php?rest_route=\/wp\/v2\/posts"}],"about":[{"href":"https:\/\/archive.sana.sy\/es\/index.php?rest_route=\/wp\/v2\/types\/post"}],"author":[{"embeddable":true,"href":"https:\/\/archive.sana.sy\/es\/index.php?rest_route=\/wp\/v2\/users\/35"}],"replies":[{"embeddable":true,"href":"https:\/\/archive.sana.sy\/es\/index.php?rest_route=%2Fwp%2Fv2%2Fcomments&post=205767"}],"version-history":[{"count":0,"href":"https:\/\/archive.sana.sy\/es\/index.php?rest_route=\/wp\/v2\/posts\/205767\/revisions"}],"wp:featuredmedia":[{"embeddable":true,"href":"https:\/\/archive.sana.sy\/es\/index.php?rest_route=\/wp\/v2\/media\/205768"}],"wp:attachment":[{"href":"https:\/\/archive.sana.sy\/es\/index.php?rest_route=%2Fwp%2Fv2%2Fmedia&parent=205767"}],"wp:term":[{"taxonomy":"category","embeddable":true,"href":"https:\/\/archive.sana.sy\/es\/index.php?rest_route=%2Fwp%2Fv2%2Fcategories&post=205767"},{"taxonomy":"post_tag","embeddable":true,"href":"https:\/\/archive.sana.sy\/es\/index.php?rest_route=%2Fwp%2Fv2%2Ftags&post=205767"}],"curies":[{"name":"wp","href":"https:\/\/api.w.org\/{rel}","templated":true}]}}