{"id":20583,"date":"2015-04-02T12:07:30","date_gmt":"2015-04-02T09:07:30","guid":{"rendered":"http:\/\/www.sana.sy\/es\/?p=20583"},"modified":"2015-04-04T13:28:48","modified_gmt":"2015-04-04T10:28:48","slug":"damasco-cierra-el-cruce-fronterizo-de-nassib-en-respuesta-a-la-medida-unilateral-del-regimen-jordano","status":"publish","type":"post","link":"https:\/\/archive.sana.sy\/es\/?p=20583","title":{"rendered":"Damasco cierra el cruce fronterizo de Nassib en respuesta a la medida unilateral del r\u00e9gimen jordano"},"content":{"rendered":"<p><span style=\"color: #ff0000\">Damasco, SANA<\/span><\/p>\n<p>Una fuente oficial del Ministerio de Exteriores y Expatriados declar\u00f3 que el &#8220;Gobierno de la Rep\u00fablica \u00c1rabe Siria decidi\u00f3 cerrar el paso fronterizo de Nassib a partir de la ma\u00f1ana de este jueves 02-04-2015 y hasta nuevo aviso&#8221;.<\/p>\n<p>Seg\u00fan canciller\u00eda, la &#8220;decisi\u00f3n de cerrar el paso viene en respuesta a las medidas unilaterales tomadas por el r\u00e9gimen jordano&#8221;.<\/p>\n<p>Canciller\u00eda aclar\u00f3 que el paso est\u00e1 cerrado completamente y cualquier cruce a trav\u00e9s del mismo se considera ilegal.<\/p>\n<p><span style=\"color: #00ccff\">Fady M., Hala B.<\/span><\/p>\n","protected":false},"excerpt":{"rendered":"<p>Damasco, SANA Una fuente oficial del Ministerio de Exteriores y Expatriados declar\u00f3 que el &#8220;Gobierno de la Rep\u00fablica \u00c1rabe Siria decidi\u00f3 cerrar el paso fronterizo de Nassib a partir de la ma\u00f1ana de este jueves 02-04-2015 y hasta nuevo aviso&#8221;. Seg\u00fan canciller\u00eda, la &#8220;decisi\u00f3n de cerrar el paso viene en respuesta a las medidas unilaterales &hellip;<\/p>\n","protected":false},"author":1,"featured_media":20590,"comment_status":"closed","ping_status":"closed","sticky":false,"template":"","format":"standard","meta":{"footnotes":""},"categories":[477,476],"tags":[4674],"class_list":["post-20583","post","type-post","status-publish","format-standard","has-post-thumbnail","","category-noticias-edulcorantes","category-locales","tag-damasco-cierra-el-cruce-fronterizo-de-nassib-en-respuesta-a-la-medida-unilateral-del-regimen-jordano"],"_links":{"self":[{"href":"https:\/\/archive.sana.sy\/es\/index.php?rest_route=\/wp\/v2\/posts\/20583"}],"collection":[{"href":"https:\/\/archive.sana.sy\/es\/index.php?rest_route=\/wp\/v2\/posts"}],"about":[{"href":"https:\/\/archive.sana.sy\/es\/index.php?rest_route=\/wp\/v2\/types\/post"}],"author":[{"embeddable":true,"href":"https:\/\/archive.sana.sy\/es\/index.php?rest_route=\/wp\/v2\/users\/1"}],"replies":[{"embeddable":true,"href":"https:\/\/archive.sana.sy\/es\/index.php?rest_route=%2Fwp%2Fv2%2Fcomments&post=20583"}],"version-history":[{"count":0,"href":"https:\/\/archive.sana.sy\/es\/index.php?rest_route=\/wp\/v2\/posts\/20583\/revisions"}],"wp:featuredmedia":[{"embeddable":true,"href":"https:\/\/archive.sana.sy\/es\/index.php?rest_route=\/wp\/v2\/media\/20590"}],"wp:attachment":[{"href":"https:\/\/archive.sana.sy\/es\/index.php?rest_route=%2Fwp%2Fv2%2Fmedia&parent=20583"}],"wp:term":[{"taxonomy":"category","embeddable":true,"href":"https:\/\/archive.sana.sy\/es\/index.php?rest_route=%2Fwp%2Fv2%2Fcategories&post=20583"},{"taxonomy":"post_tag","embeddable":true,"href":"https:\/\/archive.sana.sy\/es\/index.php?rest_route=%2Fwp%2Fv2%2Ftags&post=20583"}],"curies":[{"name":"wp","href":"https:\/\/api.w.org\/{rel}","templated":true}]}}