{"id":20604,"date":"2015-04-02T17:55:13","date_gmt":"2015-04-02T14:55:13","guid":{"rendered":"http:\/\/www.sana.sy\/es\/?p=20604"},"modified":"2015-04-02T18:15:23","modified_gmt":"2015-04-02T15:15:23","slug":"ministerio-de-electricidad-firma-un-memorandum-para-instalar-una-planta-electrica-a-gas","status":"publish","type":"post","link":"https:\/\/archive.sana.sy\/es\/?p=20604","title":{"rendered":"Ministerio de Electricidad firma un memor\u00e1ndum para instalar una planta el\u00e9ctrica a gas"},"content":{"rendered":"<p><span style=\"color: #800000\">Damasco, SANA<\/span><\/p>\n<p>El Ministerio de Energ\u00eda El\u00e9ctrica firm\u00f3 este jueves un memor\u00e1ndum de entendimiento con la compa\u00f1\u00eda alemana \u201cPower International\u201d para instalar una planta el\u00e9ctrica que funciona con gas, y tiene la capacidad productiva de 360 megavatios.<\/p>\n<p>En declaraciones a la prensa, el viceministro de Energ\u00eda El\u00e9ctrica, Nidal Qarmousha se\u00f1al\u00f3 que este proyecto allana el camino hacia establecer otros en el futuro, que generan electricidad a trav\u00e9s de la\u00a0 energ\u00eda renovable.<\/p>\n<p>&nbsp;<\/p>\n<p>Lynn A.<\/p>\n<p>&nbsp;<\/p>\n<p>&nbsp;<\/p>\n","protected":false},"excerpt":{"rendered":"<p>Damasco, SANA El Ministerio de Energ\u00eda El\u00e9ctrica firm\u00f3 este jueves un memor\u00e1ndum de entendimiento con la compa\u00f1\u00eda alemana \u201cPower International\u201d para instalar una planta el\u00e9ctrica que funciona con gas, y tiene la capacidad productiva de 360 megavatios. En declaraciones a la prensa, el viceministro de Energ\u00eda El\u00e9ctrica, Nidal Qarmousha se\u00f1al\u00f3 que este proyecto allana el &hellip;<\/p>\n","protected":false},"author":24,"featured_media":20605,"comment_status":"closed","ping_status":"closed","sticky":false,"template":"","format":"standard","meta":{"footnotes":""},"categories":[477,476],"tags":[4678],"class_list":["post-20604","post","type-post","status-publish","format-standard","has-post-thumbnail","","category-noticias-edulcorantes","category-locales","tag-ministerio-de-electricidad-firma-un-memorandum-para-instalar-una-planta-electrica-a-gas"],"_links":{"self":[{"href":"https:\/\/archive.sana.sy\/es\/index.php?rest_route=\/wp\/v2\/posts\/20604"}],"collection":[{"href":"https:\/\/archive.sana.sy\/es\/index.php?rest_route=\/wp\/v2\/posts"}],"about":[{"href":"https:\/\/archive.sana.sy\/es\/index.php?rest_route=\/wp\/v2\/types\/post"}],"author":[{"embeddable":true,"href":"https:\/\/archive.sana.sy\/es\/index.php?rest_route=\/wp\/v2\/users\/24"}],"replies":[{"embeddable":true,"href":"https:\/\/archive.sana.sy\/es\/index.php?rest_route=%2Fwp%2Fv2%2Fcomments&post=20604"}],"version-history":[{"count":0,"href":"https:\/\/archive.sana.sy\/es\/index.php?rest_route=\/wp\/v2\/posts\/20604\/revisions"}],"wp:featuredmedia":[{"embeddable":true,"href":"https:\/\/archive.sana.sy\/es\/index.php?rest_route=\/wp\/v2\/media\/20605"}],"wp:attachment":[{"href":"https:\/\/archive.sana.sy\/es\/index.php?rest_route=%2Fwp%2Fv2%2Fmedia&parent=20604"}],"wp:term":[{"taxonomy":"category","embeddable":true,"href":"https:\/\/archive.sana.sy\/es\/index.php?rest_route=%2Fwp%2Fv2%2Fcategories&post=20604"},{"taxonomy":"post_tag","embeddable":true,"href":"https:\/\/archive.sana.sy\/es\/index.php?rest_route=%2Fwp%2Fv2%2Ftags&post=20604"}],"curies":[{"name":"wp","href":"https:\/\/api.w.org\/{rel}","templated":true}]}}