{"id":20607,"date":"2015-04-02T18:05:12","date_gmt":"2015-04-02T15:05:12","guid":{"rendered":"http:\/\/www.sana.sy\/es\/?p=20607"},"modified":"2015-04-02T18:07:59","modified_gmt":"2015-04-02T15:07:59","slug":"al-mardini-2014-presencio-una-baja-en-los-casos-de-leishmaniasis","status":"publish","type":"post","link":"https:\/\/archive.sana.sy\/es\/?p=20607","title":{"rendered":"Al-Mardini: 2014 presenci\u00f3 una baja en los casos de Leishmaniasis"},"content":{"rendered":"<p><span style=\"color: #800000\">Damasco, SANA<\/span><\/p>\n<p>El Hospital de Dermatolog\u00eda y Venereolog\u00eda celebr\u00f3 este jueves una jornada cient\u00edfica bajo el t\u00edtulo \u201cLeishmaniasis Cut\u00e1nea\u201d, en el que debatieron las \u00faltimas tecnolog\u00edas e informaciones acerca de esta enfermedad.<\/p>\n<p>Durante esta jornada, el ministro de Ense\u00f1anza Superior, Dr. Mohamad Amer Mardini se\u00f1al\u00f3 que gracias los esfuerzos de las partes encargadas de luchar contra la Leishmaniasis en Siria, los casos bajaron de 71 mil en 2013 a 53 mil en 2014.<\/p>\n<p>Asimismo, el ministro llam\u00f3 la atenci\u00f3n a que los a\u00f1os 2012 y 2013 presenciaron un aumento en los casos de Leishmaniosis debido al desplazamiento y la intensidad popular, haciendo referencia a la plena cooperaci\u00f3n entre los organismos locales y la Organizaci\u00f3n Mundial de Salud (OMS) en materia de la lucha contra esta enfermedad.<\/p>\n<p><img loading=\"lazy\" decoding=\"async\" class=\"aligncenter size-medium wp-image-20611\" src=\"http:\/\/www.sana.sy\/es\/wp-content\/uploads\/2015\/04\/Hoff-Leishmania1-300x200.jpg\" alt=\"Hoff Leishmania\" width=\"300\" height=\"200\" srcset=\"https:\/\/archive.sana.sy\/es\/wp-content\/uploads\/2015\/04\/Hoff-Leishmania1-300x200.jpg 300w, https:\/\/archive.sana.sy\/es\/wp-content\/uploads\/2015\/04\/Hoff-Leishmania1-150x100.jpg 150w, https:\/\/archive.sana.sy\/es\/wp-content\/uploads\/2015\/04\/Hoff-Leishmania1-1024x681.jpg 1024w\" sizes=\"(max-width: 300px) 100vw, 300px\" \/><\/p>\n<p>Por su parte, la representante de la OMS en Siria, Elizabeth Hoff elogi\u00f3 el programa de lucha contra la Leishmaniasis, organizado por el Ministerio de Salud sirio que ha alcanzado contener a esta enfermedad a gran escala.<\/p>\n<p>Lynn A.<\/p>\n","protected":false},"excerpt":{"rendered":"<p>Damasco, SANA El Hospital de Dermatolog\u00eda y Venereolog\u00eda celebr\u00f3 este jueves una jornada cient\u00edfica bajo el t\u00edtulo \u201cLeishmaniasis Cut\u00e1nea\u201d, en el que debatieron las \u00faltimas tecnolog\u00edas e informaciones acerca de esta enfermedad. Durante esta jornada, el ministro de Ense\u00f1anza Superior, Dr. Mohamad Amer Mardini se\u00f1al\u00f3 que gracias los esfuerzos de las partes encargadas de luchar &hellip;<\/p>\n","protected":false},"author":24,"featured_media":20608,"comment_status":"closed","ping_status":"closed","sticky":false,"template":"","format":"standard","meta":{"footnotes":""},"categories":[477,476],"tags":[4679],"class_list":["post-20607","post","type-post","status-publish","format-standard","has-post-thumbnail","","category-noticias-edulcorantes","category-locales","tag-al-mardini-2014-presencio-una-baja-en-los-casos-de-leishmaniasis"],"_links":{"self":[{"href":"https:\/\/archive.sana.sy\/es\/index.php?rest_route=\/wp\/v2\/posts\/20607"}],"collection":[{"href":"https:\/\/archive.sana.sy\/es\/index.php?rest_route=\/wp\/v2\/posts"}],"about":[{"href":"https:\/\/archive.sana.sy\/es\/index.php?rest_route=\/wp\/v2\/types\/post"}],"author":[{"embeddable":true,"href":"https:\/\/archive.sana.sy\/es\/index.php?rest_route=\/wp\/v2\/users\/24"}],"replies":[{"embeddable":true,"href":"https:\/\/archive.sana.sy\/es\/index.php?rest_route=%2Fwp%2Fv2%2Fcomments&post=20607"}],"version-history":[{"count":0,"href":"https:\/\/archive.sana.sy\/es\/index.php?rest_route=\/wp\/v2\/posts\/20607\/revisions"}],"wp:featuredmedia":[{"embeddable":true,"href":"https:\/\/archive.sana.sy\/es\/index.php?rest_route=\/wp\/v2\/media\/20608"}],"wp:attachment":[{"href":"https:\/\/archive.sana.sy\/es\/index.php?rest_route=%2Fwp%2Fv2%2Fmedia&parent=20607"}],"wp:term":[{"taxonomy":"category","embeddable":true,"href":"https:\/\/archive.sana.sy\/es\/index.php?rest_route=%2Fwp%2Fv2%2Fcategories&post=20607"},{"taxonomy":"post_tag","embeddable":true,"href":"https:\/\/archive.sana.sy\/es\/index.php?rest_route=%2Fwp%2Fv2%2Ftags&post=20607"}],"curies":[{"name":"wp","href":"https:\/\/api.w.org\/{rel}","templated":true}]}}