{"id":206204,"date":"2021-11-19T22:46:33","date_gmt":"2021-11-19T20:46:33","guid":{"rendered":"http:\/\/107.6.182.27\/es\/?p=206204"},"modified":"2021-11-19T22:48:48","modified_gmt":"2021-11-19T20:48:48","slug":"sucesos-de-la-semana-en-fotos","status":"publish","type":"post","link":"https:\/\/archive.sana.sy\/es\/?p=206204","title":{"rendered":"Sucesos de la Semana en Fotos"},"content":{"rendered":"<p><strong><span style=\"color: #800000;\">Damasco, 19 nov (SANA)<\/span><\/strong>\u00a0 \u00a0A continuaci\u00f3n, les ofrecimos los principales suceso de la semana en Siria en fotos:<\/p>\n<p>&nbsp;<\/p>\n<div id='gallery-1' class='gallery galleryid-206204 gallery-columns-1 gallery-size-full'><figure class='gallery-item'>\n\t\t\t<div class='gallery-icon landscape'>\n\t\t\t\t<a href='https:\/\/archive.sana.sy\/es\/wp-content\/uploads\/2021\/11\/2-173.jpg'><img loading=\"lazy\" decoding=\"async\" width=\"660\" height=\"431\" src=\"https:\/\/archive.sana.sy\/es\/wp-content\/uploads\/2021\/11\/2-173.jpg\" class=\"attachment-full size-full\" alt=\"\" aria-describedby=\"gallery-1-206206\" srcset=\"https:\/\/archive.sana.sy\/es\/wp-content\/uploads\/2021\/11\/2-173.jpg 660w, https:\/\/archive.sana.sy\/es\/wp-content\/uploads\/2021\/11\/2-173-300x196.jpg 300w, https:\/\/archive.sana.sy\/es\/wp-content\/uploads\/2021\/11\/2-173-150x98.jpg 150w\" sizes=\"(max-width: 660px) 100vw, 660px\" \/><\/a>\n\t\t\t<\/div>\n\t\t\t\t<figcaption class='wp-caption-text gallery-caption' id='gallery-1-206206'>\n\t\t\t\tAlepo restaura su Castillo\n\t\t\t\t<\/figcaption><\/figure><figure class='gallery-item'>\n\t\t\t<div class='gallery-icon landscape'>\n\t\t\t\t<a href='https:\/\/archive.sana.sy\/es\/wp-content\/uploads\/2021\/11\/3-135.jpg'><img loading=\"lazy\" decoding=\"async\" width=\"660\" height=\"407\" src=\"https:\/\/archive.sana.sy\/es\/wp-content\/uploads\/2021\/11\/3-135.jpg\" class=\"attachment-full size-full\" alt=\"\" aria-describedby=\"gallery-1-206207\" srcset=\"https:\/\/archive.sana.sy\/es\/wp-content\/uploads\/2021\/11\/3-135.jpg 660w, https:\/\/archive.sana.sy\/es\/wp-content\/uploads\/2021\/11\/3-135-300x185.jpg 300w, https:\/\/archive.sana.sy\/es\/wp-content\/uploads\/2021\/11\/3-135-150x93.jpg 150w\" sizes=\"(max-width: 660px) 100vw, 660px\" \/><\/a>\n\t\t\t<\/div>\n\t\t\t\t<figcaption class='wp-caption-text gallery-caption' id='gallery-1-206207'>\n\t\t\t\tSiria y Unesco cooperan en ense\u00f1anza de la inteligencia artificial\n\t\t\t\t<\/figcaption><\/figure><figure class='gallery-item'>\n\t\t\t<div class='gallery-icon landscape'>\n\t\t\t\t<a href='https:\/\/archive.sana.sy\/es\/wp-content\/uploads\/2021\/11\/4-136.jpg'><img loading=\"lazy\" decoding=\"async\" width=\"660\" height=\"410\" src=\"https:\/\/archive.sana.sy\/es\/wp-content\/uploads\/2021\/11\/4-136.jpg\" class=\"attachment-full size-full\" alt=\"\" aria-describedby=\"gallery-1-206208\" srcset=\"https:\/\/archive.sana.sy\/es\/wp-content\/uploads\/2021\/11\/4-136.jpg 660w, https:\/\/archive.sana.sy\/es\/wp-content\/uploads\/2021\/11\/4-136-300x186.jpg 300w, https:\/\/archive.sana.sy\/es\/wp-content\/uploads\/2021\/11\/4-136-150x93.jpg 150w\" sizes=\"(max-width: 660px) 100vw, 660px\" \/><\/a>\n\t\t\t<\/div>\n\t\t\t\t<figcaption class='wp-caption-text gallery-caption' id='gallery-1-206208'>\n\t\t\t\tArranca proceso de reconciliaci\u00f3n global en provincia de Deir Ezzor\n\t\t\t\t<\/figcaption><\/figure><figure class='gallery-item'>\n\t\t\t<div class='gallery-icon landscape'>\n\t\t\t\t<a href='https:\/\/archive.sana.sy\/es\/wp-content\/uploads\/2021\/11\/5-117.jpg'><img loading=\"lazy\" decoding=\"async\" width=\"660\" height=\"420\" src=\"https:\/\/archive.sana.sy\/es\/wp-content\/uploads\/2021\/11\/5-117.jpg\" class=\"attachment-full size-full\" alt=\"\" aria-describedby=\"gallery-1-206209\" srcset=\"https:\/\/archive.sana.sy\/es\/wp-content\/uploads\/2021\/11\/5-117.jpg 660w, https:\/\/archive.sana.sy\/es\/wp-content\/uploads\/2021\/11\/5-117-300x191.jpg 300w, https:\/\/archive.sana.sy\/es\/wp-content\/uploads\/2021\/11\/5-117-150x95.jpg 150w\" sizes=\"(max-width: 660px) 100vw, 660px\" \/><\/a>\n\t\t\t<\/div>\n\t\t\t\t<figcaption class='wp-caption-text gallery-caption' id='gallery-1-206209'>\n\t\t\t\tSiria recibe medio mill\u00f3n de dosis de vacunas chinas contra la Covid-19\n\t\t\t\t<\/figcaption><\/figure><figure class='gallery-item'>\n\t\t\t<div class='gallery-icon landscape'>\n\t\t\t\t<a href='https:\/\/archive.sana.sy\/es\/wp-content\/uploads\/2021\/11\/6-111.jpg'><img loading=\"lazy\" decoding=\"async\" width=\"660\" height=\"434\" src=\"https:\/\/archive.sana.sy\/es\/wp-content\/uploads\/2021\/11\/6-111.jpg\" class=\"attachment-full size-full\" alt=\"\" aria-describedby=\"gallery-1-206210\" srcset=\"https:\/\/archive.sana.sy\/es\/wp-content\/uploads\/2021\/11\/6-111.jpg 660w, https:\/\/archive.sana.sy\/es\/wp-content\/uploads\/2021\/11\/6-111-300x197.jpg 300w, https:\/\/archive.sana.sy\/es\/wp-content\/uploads\/2021\/11\/6-111-150x99.jpg 150w, https:\/\/archive.sana.sy\/es\/wp-content\/uploads\/2021\/11\/6-111-310x205.jpg 310w\" sizes=\"(max-width: 660px) 100vw, 660px\" \/><\/a>\n\t\t\t<\/div>\n\t\t\t\t<figcaption class='wp-caption-text gallery-caption' id='gallery-1-206210'>\n\t\t\t\tPonen en libertad a nuevo grupo de detenidos en provincia de Deraa\n\t\t\t\t<\/figcaption><\/figure><figure class='gallery-item'>\n\t\t\t<div class='gallery-icon landscape'>\n\t\t\t\t<a href='https:\/\/archive.sana.sy\/es\/wp-content\/uploads\/2021\/11\/8-76.jpg'><img loading=\"lazy\" decoding=\"async\" width=\"660\" height=\"426\" src=\"https:\/\/archive.sana.sy\/es\/wp-content\/uploads\/2021\/11\/8-76.jpg\" class=\"attachment-full size-full\" alt=\"\" aria-describedby=\"gallery-1-206211\" srcset=\"https:\/\/archive.sana.sy\/es\/wp-content\/uploads\/2021\/11\/8-76.jpg 660w, https:\/\/archive.sana.sy\/es\/wp-content\/uploads\/2021\/11\/8-76-300x194.jpg 300w, https:\/\/archive.sana.sy\/es\/wp-content\/uploads\/2021\/11\/8-76-150x97.jpg 150w\" sizes=\"(max-width: 660px) 100vw, 660px\" \/><\/a>\n\t\t\t<\/div>\n\t\t\t\t<figcaption class='wp-caption-text gallery-caption' id='gallery-1-206211'>\n\t\t\t\tExpo Dub\u00e1i 2020 celebra el D\u00eda Nacional de Siria\n\t\t\t\t<\/figcaption><\/figure><figure class='gallery-item'>\n\t\t\t<div class='gallery-icon landscape'>\n\t\t\t\t<a href='https:\/\/archive.sana.sy\/es\/wp-content\/uploads\/2021\/11\/9-72.jpg'><img loading=\"lazy\" decoding=\"async\" width=\"660\" height=\"430\" src=\"https:\/\/archive.sana.sy\/es\/wp-content\/uploads\/2021\/11\/9-72.jpg\" class=\"attachment-full size-full\" alt=\"\" aria-describedby=\"gallery-1-206212\" srcset=\"https:\/\/archive.sana.sy\/es\/wp-content\/uploads\/2021\/11\/9-72.jpg 660w, https:\/\/archive.sana.sy\/es\/wp-content\/uploads\/2021\/11\/9-72-300x195.jpg 300w, https:\/\/archive.sana.sy\/es\/wp-content\/uploads\/2021\/11\/9-72-150x98.jpg 150w\" sizes=\"(max-width: 660px) 100vw, 660px\" \/><\/a>\n\t\t\t<\/div>\n\t\t\t\t<figcaption class='wp-caption-text gallery-caption' id='gallery-1-206212'>\n\t\t\t\tAtletas sirios ganan medallas de oro y bronce en Campeonato Mundial de Karate en Serbia\n\t\t\t\t<\/figcaption><\/figure><figure class='gallery-item'>\n\t\t\t<div class='gallery-icon landscape'>\n\t\t\t\t<a href='https:\/\/archive.sana.sy\/es\/wp-content\/uploads\/2021\/11\/10-69.jpg'><img loading=\"lazy\" decoding=\"async\" width=\"660\" height=\"440\" src=\"https:\/\/archive.sana.sy\/es\/wp-content\/uploads\/2021\/11\/10-69.jpg\" class=\"attachment-full size-full\" alt=\"\" aria-describedby=\"gallery-1-206213\" srcset=\"https:\/\/archive.sana.sy\/es\/wp-content\/uploads\/2021\/11\/10-69.jpg 660w, https:\/\/archive.sana.sy\/es\/wp-content\/uploads\/2021\/11\/10-69-300x200.jpg 300w, https:\/\/archive.sana.sy\/es\/wp-content\/uploads\/2021\/11\/10-69-150x100.jpg 150w\" sizes=\"(max-width: 660px) 100vw, 660px\" \/><\/a>\n\t\t\t<\/div>\n\t\t\t\t<figcaption class='wp-caption-text gallery-caption' id='gallery-1-206213'>\n\t\t\t\tInauguran nuevo edificio en la Universidad de Damasco\n\t\t\t\t<\/figcaption><\/figure><figure class='gallery-item'>\n\t\t\t<div class='gallery-icon landscape'>\n\t\t\t\t<a href='https:\/\/archive.sana.sy\/es\/wp-content\/uploads\/2021\/11\/11-86.jpg'><img loading=\"lazy\" decoding=\"async\" width=\"660\" height=\"371\" src=\"https:\/\/archive.sana.sy\/es\/wp-content\/uploads\/2021\/11\/11-86.jpg\" class=\"attachment-full size-full\" alt=\"\" aria-describedby=\"gallery-1-206214\" srcset=\"https:\/\/archive.sana.sy\/es\/wp-content\/uploads\/2021\/11\/11-86.jpg 660w, https:\/\/archive.sana.sy\/es\/wp-content\/uploads\/2021\/11\/11-86-300x169.jpg 300w, https:\/\/archive.sana.sy\/es\/wp-content\/uploads\/2021\/11\/11-86-150x84.jpg 150w\" sizes=\"(max-width: 660px) 100vw, 660px\" \/><\/a>\n\t\t\t<\/div>\n\t\t\t\t<figcaption class='wp-caption-text gallery-caption' id='gallery-1-206214'>\n\t\t\t\t\nReuni\u00f3n Conjunta de los dos \u00f3rganos ministeriales de coordinaci\u00f3n sirio-rusos sobre el retorno de los sirios desplazados\n\t\t\t\t<\/figcaption><\/figure><figure class='gallery-item'>\n\t\t\t<div class='gallery-icon landscape'>\n\t\t\t\t<a href='https:\/\/archive.sana.sy\/es\/wp-content\/uploads\/2021\/11\/12-58.jpg'><img loading=\"lazy\" decoding=\"async\" width=\"660\" height=\"452\" src=\"https:\/\/archive.sana.sy\/es\/wp-content\/uploads\/2021\/11\/12-58.jpg\" class=\"attachment-full size-full\" alt=\"\" aria-describedby=\"gallery-1-206215\" srcset=\"https:\/\/archive.sana.sy\/es\/wp-content\/uploads\/2021\/11\/12-58.jpg 660w, https:\/\/archive.sana.sy\/es\/wp-content\/uploads\/2021\/11\/12-58-300x205.jpg 300w, https:\/\/archive.sana.sy\/es\/wp-content\/uploads\/2021\/11\/12-58-150x103.jpg 150w, https:\/\/archive.sana.sy\/es\/wp-content\/uploads\/2021\/11\/12-58-110x75.jpg 110w\" sizes=\"(max-width: 660px) 100vw, 660px\" \/><\/a>\n\t\t\t<\/div>\n\t\t\t\t<figcaption class='wp-caption-text gallery-caption' id='gallery-1-206215'>\n\t\t\t\tDamasco y Mosc\u00fa suscriben memorando de entendimiento en el \u00e1rea de asistencia humanitaria\n\t\t\t\t<\/figcaption><\/figure><figure class='gallery-item'>\n\t\t\t<div class='gallery-icon landscape'>\n\t\t\t\t<a href='https:\/\/archive.sana.sy\/es\/wp-content\/uploads\/2021\/11\/14-48.jpg'><img loading=\"lazy\" decoding=\"async\" width=\"660\" height=\"371\" src=\"https:\/\/archive.sana.sy\/es\/wp-content\/uploads\/2021\/11\/14-48.jpg\" class=\"attachment-full size-full\" alt=\"\" aria-describedby=\"gallery-1-206216\" srcset=\"https:\/\/archive.sana.sy\/es\/wp-content\/uploads\/2021\/11\/14-48.jpg 660w, https:\/\/archive.sana.sy\/es\/wp-content\/uploads\/2021\/11\/14-48-300x169.jpg 300w, https:\/\/archive.sana.sy\/es\/wp-content\/uploads\/2021\/11\/14-48-150x84.jpg 150w\" sizes=\"(max-width: 660px) 100vw, 660px\" \/><\/a>\n\t\t\t<\/div>\n\t\t\t\t<figcaption class='wp-caption-text gallery-caption' id='gallery-1-206216'>\n\t\t\t\t\nProyectan primer largometraje sobre la cooperaci\u00f3n sirio-rusa en lucha contra el terrorismo\n\t\t\t\t<\/figcaption><\/figure>\n\t\t<\/div>\n\n","protected":false},"excerpt":{"rendered":"<p>Damasco, 19 nov (SANA)\u00a0 \u00a0A continuaci\u00f3n, les ofrecimos los principales suceso de la semana en Siria en fotos: &nbsp;<\/p>\n","protected":false},"author":31,"featured_media":206205,"comment_status":"closed","ping_status":"closed","sticky":false,"template":"","format":"standard","meta":{"footnotes":""},"categories":[597,625,623,7541],"tags":[],"class_list":["post-206204","post","type-post","status-publish","format-standard","has-post-thumbnail","","category-cinta-de-noticias","category-fotos-fotos-sana","category-fotos-sana","category-ultimas-noticias"],"_links":{"self":[{"href":"https:\/\/archive.sana.sy\/es\/index.php?rest_route=\/wp\/v2\/posts\/206204"}],"collection":[{"href":"https:\/\/archive.sana.sy\/es\/index.php?rest_route=\/wp\/v2\/posts"}],"about":[{"href":"https:\/\/archive.sana.sy\/es\/index.php?rest_route=\/wp\/v2\/types\/post"}],"author":[{"embeddable":true,"href":"https:\/\/archive.sana.sy\/es\/index.php?rest_route=\/wp\/v2\/users\/31"}],"replies":[{"embeddable":true,"href":"https:\/\/archive.sana.sy\/es\/index.php?rest_route=%2Fwp%2Fv2%2Fcomments&post=206204"}],"version-history":[{"count":0,"href":"https:\/\/archive.sana.sy\/es\/index.php?rest_route=\/wp\/v2\/posts\/206204\/revisions"}],"wp:featuredmedia":[{"embeddable":true,"href":"https:\/\/archive.sana.sy\/es\/index.php?rest_route=\/wp\/v2\/media\/206205"}],"wp:attachment":[{"href":"https:\/\/archive.sana.sy\/es\/index.php?rest_route=%2Fwp%2Fv2%2Fmedia&parent=206204"}],"wp:term":[{"taxonomy":"category","embeddable":true,"href":"https:\/\/archive.sana.sy\/es\/index.php?rest_route=%2Fwp%2Fv2%2Fcategories&post=206204"},{"taxonomy":"post_tag","embeddable":true,"href":"https:\/\/archive.sana.sy\/es\/index.php?rest_route=%2Fwp%2Fv2%2Ftags&post=206204"}],"curies":[{"name":"wp","href":"https:\/\/api.w.org\/{rel}","templated":true}]}}