{"id":206220,"date":"2021-11-19T22:52:08","date_gmt":"2021-11-19T20:52:08","guid":{"rendered":"http:\/\/107.6.182.27\/es\/?p=206220"},"modified":"2023-01-10T14:23:51","modified_gmt":"2023-01-10T12:23:51","slug":"canal-ikhbariya-responsabiliza-a-fds-y-su-operador-estadounidense-por-deterioro-de-salud-de-su-corresponsal-muhammad-al-saghir","status":"publish","type":"post","link":"https:\/\/archive.sana.sy\/es\/?p=206220","title":{"rendered":"Canal Ikhbariya responsabiliza a FDS y su operador estadounidense por deterioro de salud de su corresponsal Muhammad al-Saghir"},"content":{"rendered":"<p style=\"text-align: justify;\"><span style=\"color: #800000;\"><strong>Damasco, 19 nov (SANA)<\/strong> <\/span>\u00a0\u00a0\u00a0El canal sirio Ikhbariya responsabiliz\u00f3 hoy a la milicia FDS y a su operador estadounidense por el deterioro de salud de su corresponsal Muhammad al-Saghir, quien se encuentra detenido en las prisiones de la referida milicia desde 2019.<\/p>\n<p style=\"text-align: justify;\">En un comunicado, el medio dijo que &#8220;en medio de las campa\u00f1as de solidaridad con el reportero al-Saghir y el creciente inter\u00e9s internacional y las voces libres que piden su liberaci\u00f3n, la milicia FDS promueve en las redes sociales noticias falsas sobre su muerte en sus centros de detenci\u00f3n&#8221;.<\/p>\n<p style=\"text-align: justify;\">\u201cDisponemos de informaci\u00f3n de que al-Saghir est\u00e1 vivo, a pesar del deterioro de su salud y condici\u00f3n psicol\u00f3gica, y responsabilizamos a la FDS y su operador estadounidense por su vida\u201d, manifest\u00f3 la nota.<\/p>\n<p style=\"text-align: justify;\">El pasado mi\u00e9rcoles, decenas de periodistas sirios protestaron contra el secuestro de su colega Mohamed al-Saghir por parte de las llamadas Fuerzas Democr\u00e1ticas de Siria (FDS).<\/p>\n<p style=\"text-align: justify;\">En un acto organizado frente a la sede de la Uni\u00f3n de Periodistas de Siria en la capital Damasco, los reunidos exigieron la libertad de al-Saghir quien fue detenido en junio de 2019 por la milicia proestadounidense FDS mientras circulaba en la carretera entre las ciudades de Hasakeh y Qamishli.<\/p>\n<p style=\"text-align: justify;\">fm<\/p>\n","protected":false},"excerpt":{"rendered":"<p>Damasco, 19 nov (SANA) \u00a0\u00a0\u00a0El canal sirio Ikhbariya responsabiliz\u00f3 hoy a la milicia FDS y a su operador estadounidense por el deterioro de salud de su corresponsal Muhammad al-Saghir, quien se encuentra detenido en las prisiones de la referida milicia desde 2019. En un comunicado, el medio dijo que &#8220;en medio de las campa\u00f1as de &hellip;<\/p>\n","protected":false},"author":34,"featured_media":206221,"comment_status":"closed","ping_status":"closed","sticky":false,"template":"","format":"standard","meta":{"footnotes":""},"categories":[447,477,597,476,457,583],"tags":[],"class_list":["post-206220","post","type-post","status-publish","format-standard","has-post-thumbnail","","category-local-politica","category-noticias-edulcorantes","category-cinta-de-noticias","category-locales","category-noticias-arabe-internacional-politica","category-slide"],"_links":{"self":[{"href":"https:\/\/archive.sana.sy\/es\/index.php?rest_route=\/wp\/v2\/posts\/206220"}],"collection":[{"href":"https:\/\/archive.sana.sy\/es\/index.php?rest_route=\/wp\/v2\/posts"}],"about":[{"href":"https:\/\/archive.sana.sy\/es\/index.php?rest_route=\/wp\/v2\/types\/post"}],"author":[{"embeddable":true,"href":"https:\/\/archive.sana.sy\/es\/index.php?rest_route=\/wp\/v2\/users\/34"}],"replies":[{"embeddable":true,"href":"https:\/\/archive.sana.sy\/es\/index.php?rest_route=%2Fwp%2Fv2%2Fcomments&post=206220"}],"version-history":[{"count":0,"href":"https:\/\/archive.sana.sy\/es\/index.php?rest_route=\/wp\/v2\/posts\/206220\/revisions"}],"wp:featuredmedia":[{"embeddable":true,"href":"https:\/\/archive.sana.sy\/es\/index.php?rest_route=\/wp\/v2\/media\/206221"}],"wp:attachment":[{"href":"https:\/\/archive.sana.sy\/es\/index.php?rest_route=%2Fwp%2Fv2%2Fmedia&parent=206220"}],"wp:term":[{"taxonomy":"category","embeddable":true,"href":"https:\/\/archive.sana.sy\/es\/index.php?rest_route=%2Fwp%2Fv2%2Fcategories&post=206220"},{"taxonomy":"post_tag","embeddable":true,"href":"https:\/\/archive.sana.sy\/es\/index.php?rest_route=%2Fwp%2Fv2%2Ftags&post=206220"}],"curies":[{"name":"wp","href":"https:\/\/api.w.org\/{rel}","templated":true}]}}