{"id":20628,"date":"2015-04-02T20:13:43","date_gmt":"2015-04-02T17:13:43","guid":{"rendered":"http:\/\/www.sana.sy\/es\/?p=20628"},"modified":"2015-04-02T23:23:23","modified_gmt":"2015-04-02T20:23:23","slug":"organizan-en-damasco-un-acto-de-solidaridad-con-venezuela","status":"publish","type":"post","link":"https:\/\/archive.sana.sy\/es\/?p=20628","title":{"rendered":"Organizan en Damasco un acto de solidaridad con Venezuela"},"content":{"rendered":"<p><span style=\"color: #800000\">Damasco, SANA<\/span><\/p>\n<p>\u201cObama Deroga el Decreto Ya\u201d es el lema bajo el cual se lanz\u00f3 la campa\u00f1a de solidaridad internacional para hacer frente a la hegemon\u00eda de EEUU y sus intentos injerencistas en los asuntos de Venezuela.<\/p>\n<p>Con este fin, la Universidad de Damasco organiz\u00f3 un conversatorio para explicar la gravedad del decreto estadounidense encaminado a intervenir en los asuntos internos de este pa\u00eds soberano.<br \/>\nEl evento arroj\u00f3 luz sobre las metas de este plan estadounidense, y la similitud entre las conspiraciones planificadas contra Siria y Venezuela.<\/p>\n<p>Los participantes en el conversatorio hicieron alusi\u00f3n a que Siria y Venezuela enfrentan el mismo destino, resaltando la necesidad de tomar las medidas necesarias para apoyar al eje de solidaridad en el mundo frente al proyecto de EEUU que tratan de imponer su voluntad sobre los pueblos soberanos del mundo.<\/p>\n<p>Lynn A., Fady M.<\/p>\n","protected":false},"excerpt":{"rendered":"<p>Damasco, SANA \u201cObama Deroga el Decreto Ya\u201d es el lema bajo el cual se lanz\u00f3 la campa\u00f1a de solidaridad internacional para hacer frente a la hegemon\u00eda de EEUU y sus intentos injerencistas en los asuntos de Venezuela. Con este fin, la Universidad de Damasco organiz\u00f3 un conversatorio para explicar la gravedad del decreto estadounidense encaminado &hellip;<\/p>\n","protected":false},"author":24,"featured_media":20639,"comment_status":"closed","ping_status":"closed","sticky":false,"template":"","format":"standard","meta":{"footnotes":""},"categories":[477,476,576],"tags":[4683],"class_list":["post-20628","post","type-post","status-publish","format-standard","has-post-thumbnail","","category-noticias-edulcorantes","category-locales","category-noticias-politicas","tag-organizan-en-damasco-un-acto-de-solidaridad-con-venezuela"],"_links":{"self":[{"href":"https:\/\/archive.sana.sy\/es\/index.php?rest_route=\/wp\/v2\/posts\/20628"}],"collection":[{"href":"https:\/\/archive.sana.sy\/es\/index.php?rest_route=\/wp\/v2\/posts"}],"about":[{"href":"https:\/\/archive.sana.sy\/es\/index.php?rest_route=\/wp\/v2\/types\/post"}],"author":[{"embeddable":true,"href":"https:\/\/archive.sana.sy\/es\/index.php?rest_route=\/wp\/v2\/users\/24"}],"replies":[{"embeddable":true,"href":"https:\/\/archive.sana.sy\/es\/index.php?rest_route=%2Fwp%2Fv2%2Fcomments&post=20628"}],"version-history":[{"count":0,"href":"https:\/\/archive.sana.sy\/es\/index.php?rest_route=\/wp\/v2\/posts\/20628\/revisions"}],"wp:featuredmedia":[{"embeddable":true,"href":"https:\/\/archive.sana.sy\/es\/index.php?rest_route=\/wp\/v2\/media\/20639"}],"wp:attachment":[{"href":"https:\/\/archive.sana.sy\/es\/index.php?rest_route=%2Fwp%2Fv2%2Fmedia&parent=20628"}],"wp:term":[{"taxonomy":"category","embeddable":true,"href":"https:\/\/archive.sana.sy\/es\/index.php?rest_route=%2Fwp%2Fv2%2Fcategories&post=20628"},{"taxonomy":"post_tag","embeddable":true,"href":"https:\/\/archive.sana.sy\/es\/index.php?rest_route=%2Fwp%2Fv2%2Ftags&post=20628"}],"curies":[{"name":"wp","href":"https:\/\/api.w.org\/{rel}","templated":true}]}}