{"id":20631,"date":"2015-04-02T20:39:59","date_gmt":"2015-04-02T17:39:59","guid":{"rendered":"http:\/\/www.sana.sy\/es\/?p=20631"},"modified":"2015-04-02T20:39:59","modified_gmt":"2015-04-02T17:39:59","slug":"ministerio-de-educacion-examina-con-el-unicef-medios-para-apoyar-al-proceso-educativo-en-siria","status":"publish","type":"post","link":"https:\/\/archive.sana.sy\/es\/?p=20631","title":{"rendered":"Ministerio de Educaci\u00f3n examina con el UNICEF medios para apoyar al proceso educativo en Siria"},"content":{"rendered":"<p><span style=\"color: #800000\">Damasco, SANA<\/span><\/p>\n<p>El ministro de Educaci\u00f3n Hazwan al-Waz afirm\u00f3 el jueves que el proceso educativo en Siria continuar\u00e1, pese a los actos terroristas que sufre el pa\u00eds.<\/p>\n<p>Estas declaraciones se hicieron durante una reuni\u00f3n entre el ministro y una delegaci\u00f3n del Fondo de las Naciones Unidas para la Infancia (UNIEF), encabezada por la directora regional del UNICEF en Oriente Medio y el Norte de \u00c1frica Maria Calivis.<\/p>\n<p>El titular de Educaci\u00f3n\u00a0 resalt\u00f3 la necesidad de incrementar la cooperaci\u00f3n entre Siria y la organizaci\u00f3n internacional.<\/p>\n<p>Asimismo se\u00f1al\u00f3\u00a0 que la coordinaci\u00f3n entre Siria y el UNICEF seguir\u00e1 de pie para rehabilitar las escuelas afectadas de los actos terroristas, dar seguimiento al proceso educativo y entregar bolsas escolares y los requisitos de aprendizaje a todos los escolares.<\/p>\n<p>El ministro sirio denunci\u00f3 que casi 5000 escuelas se encuentran hoy en d\u00eda fuera del servicio a causa del terrorismo; 600 de las cuales se han convertido en centros de acogida temporal para los desplazados. As\u00ed como agreg\u00f3 que\u00a0 alrededor de 17,000 escuelas atienden a\u00a0 4,3 millones de estudiantes en todo el pa\u00eds.<\/p>\n<p>De igual manera hizo referencia a las p\u00e9rdidas del sector de educaci\u00f3n a ra\u00edz\u00a0 de los actos terroristas, que alcanzaron 170 mil millones de libras sirias, condenando que este sector perdi\u00f3 tambi\u00e9n a 1000 personas, la mitad fueron ni\u00f1os.<\/p>\n<p>Por su parte, Calivis calific\u00f3 la cooperaci\u00f3n con el Ministerio de Educaci\u00f3n sirio para llevar a cabo los planes y programas de &#8220;buena y fruct\u00edfera&#8221;, y enfatizando que el UNICEF tiene como objetivo garantizar la escolarizaci\u00f3n de todos los estudiantes y todas las necesidades del proceso educativo en las escuelas.<\/p>\n<p>Lynn A.<\/p>\n","protected":false},"excerpt":{"rendered":"<p>Damasco, SANA El ministro de Educaci\u00f3n Hazwan al-Waz afirm\u00f3 el jueves que el proceso educativo en Siria continuar\u00e1, pese a los actos terroristas que sufre el pa\u00eds. Estas declaraciones se hicieron durante una reuni\u00f3n entre el ministro y una delegaci\u00f3n del Fondo de las Naciones Unidas para la Infancia (UNIEF), encabezada por la directora regional &hellip;<\/p>\n","protected":false},"author":24,"featured_media":20632,"comment_status":"closed","ping_status":"closed","sticky":false,"template":"","format":"standard","meta":{"footnotes":""},"categories":[477,476],"tags":[4684],"class_list":["post-20631","post","type-post","status-publish","format-standard","has-post-thumbnail","","category-noticias-edulcorantes","category-locales","tag-ministerio-de-educacion-examina-con-el-unicef-medios-para-apoyar-al-proceso-educativo-en-siria"],"_links":{"self":[{"href":"https:\/\/archive.sana.sy\/es\/index.php?rest_route=\/wp\/v2\/posts\/20631"}],"collection":[{"href":"https:\/\/archive.sana.sy\/es\/index.php?rest_route=\/wp\/v2\/posts"}],"about":[{"href":"https:\/\/archive.sana.sy\/es\/index.php?rest_route=\/wp\/v2\/types\/post"}],"author":[{"embeddable":true,"href":"https:\/\/archive.sana.sy\/es\/index.php?rest_route=\/wp\/v2\/users\/24"}],"replies":[{"embeddable":true,"href":"https:\/\/archive.sana.sy\/es\/index.php?rest_route=%2Fwp%2Fv2%2Fcomments&post=20631"}],"version-history":[{"count":0,"href":"https:\/\/archive.sana.sy\/es\/index.php?rest_route=\/wp\/v2\/posts\/20631\/revisions"}],"wp:featuredmedia":[{"embeddable":true,"href":"https:\/\/archive.sana.sy\/es\/index.php?rest_route=\/wp\/v2\/media\/20632"}],"wp:attachment":[{"href":"https:\/\/archive.sana.sy\/es\/index.php?rest_route=%2Fwp%2Fv2%2Fmedia&parent=20631"}],"wp:term":[{"taxonomy":"category","embeddable":true,"href":"https:\/\/archive.sana.sy\/es\/index.php?rest_route=%2Fwp%2Fv2%2Fcategories&post=20631"},{"taxonomy":"post_tag","embeddable":true,"href":"https:\/\/archive.sana.sy\/es\/index.php?rest_route=%2Fwp%2Fv2%2Ftags&post=20631"}],"curies":[{"name":"wp","href":"https:\/\/api.w.org\/{rel}","templated":true}]}}