{"id":20645,"date":"2015-04-03T20:58:58","date_gmt":"2015-04-03T17:58:58","guid":{"rendered":"http:\/\/www.sana.sy\/es\/?p=20645"},"modified":"2015-04-04T13:58:02","modified_gmt":"2015-04-04T10:58:02","slug":"muchos-terroristas-han-sido-eliminados-a-traves-de-las-operaciones-militares-liberadas-por-el-ejercito-y-las-fuerzas-armadas-en-todo-el-pais","status":"publish","type":"post","link":"https:\/\/archive.sana.sy\/es\/?p=20645","title":{"rendered":"Muchos terroristas  han sido eliminados durante las operaciones militares liberadas por el ej\u00e9rcito"},"content":{"rendered":"<p style=\"text-align: justify\"><span style=\"color: #800000\">Provincias-SANA<\/span><\/p>\n<p style=\"text-align: justify\">Un gran\u00a0 n\u00famero\u00a0 de los terroristas est\u00e1n siendo asesinados a diario a manos de las unidades del ej\u00e9rcito &#8216;durante las operaciones militares lanzadas en todo el pa\u00eds, muchos de esos terroristas vinculados\u00a0 al Estado Isl\u00e1mico (EI), al frente\u00a0 al-Nusra.<\/p>\n<p style=\"text-align: justify\"><span style=\"color: #0000ff\">Damasco-Campo<\/span><\/p>\n<p style=\"text-align: justify\">Seg\u00fan una fuente militar, una unidad del ej\u00e9rcito acab\u00f3 con un n\u00famero de terroristas del llamado grupo &#8220;Ejercito\u00a0 al-Islam&#8221; en las granjas del este del pueblo Zabdeen en Damasco.<br \/>\nDe igual manera, Una unidad del Ej\u00e9rcito destruy\u00f3 dos veh\u00edculos para los terroristas del\u00a0 frente al-Nusra entre el pueblo Haze y\u00a0 la localidad\u00a0 Ein Tarma, acabando con todos los terroristas a bordo.<\/p>\n<p style=\"text-align: justify\">En el campo norte de Ghouta Oriental, 13 terroristas murieron en los enfrentamientos que estallaron entre las unidades del ej\u00e9rcito y de las organizaciones terroristas armados en las\u00a0 granjas al-Rihan y Tal Kurdi en el noreste de la ciudad de Douma.<\/p>\n<p style=\"text-align: justify\">Asimismo, Una unidad del ej\u00e9rcito persigui\u00f3 a un grupo terrorista al este de la compa\u00f1\u00eda automovil\u00edstica Shammut y en las granjas del norte de Harasta, matando a 5 de sus miembros.<\/p>\n<p style=\"text-align: justify\">En la ciudad de al-Zabadani, donde el ej\u00e9rcito asumi\u00f3 el control de la cadena monta\u00f1osa del oeste alrededor hace dos d\u00edas, unidades del ej\u00e9rcito destruyeron en unas\u00a0 operaciones precisas varias concentraciones terroristas en los barrios de al-Silan, y al-Mahatta en la ciudad, dejando 15 terroristas muertos, y otros\u00a0 heridos.<\/p>\n<p style=\"text-align: justify\">En las monta\u00f1as del oeste de al-Qalamoun cerca de la frontera con el L\u00edbano, una unidad del ej\u00e9rcito destruy\u00f3\u00a0 unos escondites\u00a0 de los terroristas donde los cuales han sufrido\u00a0 grandes bajas en sus filas.<\/p>\n<p style=\"text-align: justify\"><span style=\"color: #0000ff\">Al-Quneitra<\/span><\/p>\n<p style=\"text-align: justify\">Una unidad del ej\u00e9rcito mata a un n\u00famero de terroristas en la aldea Mashara, y en Rasm al-Khawaled en el campo de la provincia de Quneitra.<\/p>\n<p style=\"text-align: justify\"><span style=\"color: #0000ff\">Homs<\/span><\/p>\n<p style=\"text-align: justify\">Unidades del ej\u00e9rcito y de las fuerzas armados destruyen\u00a0 escondites de las organizaciones terroristas, y eliminan\u00a0 a muchos de sus miembros, en Rajm al-Qasr, Rajm al-Ali, al-Hum, al-Msheirfeh al-Shamaliyeh, y en\u00a0 al-Rastan en la zona campi\u00f1a de la provincia de Homs.<\/p>\n<p style=\"text-align: justify\"><span style=\"color: #0000ff\">Deraa<\/span><\/p>\n<p style=\"text-align: justify\">Una fuente militar inform\u00f3 que el ej\u00e9rcito destruy\u00f3\u00a0 unos refugios\u00a0 de los\u00a0 terroristas en las aproximaciones\u00a0 de la ciudad Busra al-Sham en el campo sure\u00f1o de la provincia de Daraa, y elimin\u00f3\u00a0 a un n\u00famero de terroristas junto con sus l\u00edderes. M\u00e1s terroristas murieron en el \u00e1rea que rodea el antiguo edificio de la Aduana y otras \u00e1reas separadas en el barrio de Daraa al-Balad en la ciudad.<\/p>\n<p style=\"text-align: justify\">Unidades del ej\u00e9rcito tambi\u00e9n destruyeron dos veh\u00edculos con terroristas a bordo en\u00a0 al-Mleha al-Gharbiyah y otros cuatro veh\u00edculos en al-Gariyeh al-Sharqiyah, y en al-Soura de la zona campi\u00f1a de la ciudad.<\/p>\n<p style=\"text-align: justify\">Asimismo, una fuente militar le inform\u00f3 a SANA que, unas unidades del ej\u00e9rcito y de la FFAA destruyeron\u00a0\u00a0 unos\u00a0 veh\u00edculos para los terroristas\u00a0 acabando con todos los terroristas a bordo en la carretera Um al-Mayadin,\u00a0 y eliminaron a muchos terroristas en la periferia Hani al oeste de Ataman, y en la colina al-Mal.<\/p>\n<p><span style=\"color: #800000\">M.Miri<\/span><\/p>\n","protected":false},"excerpt":{"rendered":"<p>Provincias-SANA Un gran\u00a0 n\u00famero\u00a0 de los terroristas est\u00e1n siendo asesinados a diario a manos de las unidades del ej\u00e9rcito &#8216;durante las operaciones militares lanzadas en todo el pa\u00eds, muchos de esos terroristas vinculados\u00a0 al Estado Isl\u00e1mico (EI), al frente\u00a0 al-Nusra. Damasco-Campo Seg\u00fan una fuente militar, una unidad del ej\u00e9rcito acab\u00f3 con un n\u00famero de terroristas &hellip;<\/p>\n","protected":false},"author":1,"featured_media":20646,"comment_status":"closed","ping_status":"closed","sticky":false,"template":"","format":"standard","meta":{"footnotes":""},"categories":[573],"tags":[4686,4685,4692,4691],"class_list":["post-20645","post","type-post","status-publish","format-standard","has-post-thumbnail","","category-la-realidad-de-los-acontecimientos-en-siria","tag-muchos-terroristas-han-sido-eliminados-a-traves-de-las-operaciones-militares-liberadas-por-el-ejercito-y-ffaa-en-todo-el-pais","tag-muchos-terroristas-han-sido-eliminados-a-traves-de-las-operaciones-militares-liberadas-por-el-ejercito-y-las-fuerzas-armadas-en-todo-el-pais","tag-muchos-terroristas-han-sido-eliminados-durante-las-operaciones-militares-liberadas-por-el-ejercito","tag-muchos-terroristas-han-sido-eliminados-durante-las-operaciones-militares-liberadas-por-el-ejercito-en-todo-el-pais"],"_links":{"self":[{"href":"https:\/\/archive.sana.sy\/es\/index.php?rest_route=\/wp\/v2\/posts\/20645"}],"collection":[{"href":"https:\/\/archive.sana.sy\/es\/index.php?rest_route=\/wp\/v2\/posts"}],"about":[{"href":"https:\/\/archive.sana.sy\/es\/index.php?rest_route=\/wp\/v2\/types\/post"}],"author":[{"embeddable":true,"href":"https:\/\/archive.sana.sy\/es\/index.php?rest_route=\/wp\/v2\/users\/1"}],"replies":[{"embeddable":true,"href":"https:\/\/archive.sana.sy\/es\/index.php?rest_route=%2Fwp%2Fv2%2Fcomments&post=20645"}],"version-history":[{"count":0,"href":"https:\/\/archive.sana.sy\/es\/index.php?rest_route=\/wp\/v2\/posts\/20645\/revisions"}],"wp:featuredmedia":[{"embeddable":true,"href":"https:\/\/archive.sana.sy\/es\/index.php?rest_route=\/wp\/v2\/media\/20646"}],"wp:attachment":[{"href":"https:\/\/archive.sana.sy\/es\/index.php?rest_route=%2Fwp%2Fv2%2Fmedia&parent=20645"}],"wp:term":[{"taxonomy":"category","embeddable":true,"href":"https:\/\/archive.sana.sy\/es\/index.php?rest_route=%2Fwp%2Fv2%2Fcategories&post=20645"},{"taxonomy":"post_tag","embeddable":true,"href":"https:\/\/archive.sana.sy\/es\/index.php?rest_route=%2Fwp%2Fv2%2Ftags&post=20645"}],"curies":[{"name":"wp","href":"https:\/\/api.w.org\/{rel}","templated":true}]}}